{"id":140424,"date":"2019-12-11T12:57:43","date_gmt":"2019-12-11T15:57:43","guid":{"rendered":"http:\/\/www.caririemacao.com\/1\/?p=140424"},"modified":"2019-12-11T12:57:43","modified_gmt":"2019-12-11T15:57:43","slug":"ifpb-divulga-edital-para-selecao-de-estagiarios-na-area-de-administracao","status":"publish","type":"post","link":"https:\/\/www.caririemacao.com\/1\/2019\/12\/11\/ifpb-divulga-edital-para-selecao-de-estagiarios-na-area-de-administracao\/","title":{"rendered":"IFPB divulga edital para sele\u00e7\u00e3o de estagi\u00e1rios na \u00e1rea de administra\u00e7\u00e3o"},"content":{"rendered":"\n<p>O Instituto Federal da Para\u00edba (IFPB) divulgou o edital de sele\u00e7\u00e3o de estagi\u00e1rios na \u00e1rea de administra\u00e7\u00e3o. S\u00e3o oferecidas 15 vagas&nbsp;&nbsp;para os turnos manh\u00e3 e tarde, com carga hor\u00e1ria de 20 e 30 horas semanais.&nbsp;<\/p>\n\n\n\n<p>O valor da bolsa \u00e9 de R$ 364,00 (4 horas di\u00e1rias) e R$ 520,00 (6 horas di\u00e1rias) mais aux\u00edlio transporte e seguro contra acidentes pessoais.<\/p>\n\n\n\n<p>As inscri\u00e7\u00f5es est\u00e3o abertas e seguem at\u00e9 o dia 20 de dezembro&nbsp;e devem ser efetuadas no setor de protocolo da reitoria.<\/p>\n\n\n\n<p><a href=\"http:\/\/bit.ly\/estagioadmIFPB\">Confira o edital<\/a><\/p>\n\n\n\n<p>A sele\u00e7\u00e3o \u00e9 por an\u00e1lise curricular. Os candidatos devem estar regularmente matriculados, cursando a partir do terceiro&nbsp;at\u00e9 o pen\u00faltimo per\u00edodo do curso de Bacharelado em Administra\u00e7\u00e3o.<\/p>\n\n\n\n<p>A rela\u00e7\u00e3o preliminar dos inscritos sai dia 09 de janeiro de 2020. O resultado final ser\u00e1 divulgado dia 17 de janeiro de 2020.<\/p>\n","protected":false},"excerpt":{"rendered":"<p>O Instituto Federal da Para\u00edba (IFPB) divulgou o edital de sele\u00e7\u00e3o de estagi\u00e1rios na \u00e1rea de administra\u00e7\u00e3o. S\u00e3o oferecidas 15 vagas&nbsp;&nbsp;para os turnos manh\u00e3 e&hellip; <\/p>\n","protected":false},"author":1,"featured_media":86703,"comment_status":"closed","ping_status":"closed","sticky":false,"template":"","format":"standard","meta":{"sfsi_plus_gutenberg_text_before_share":"","sfsi_plus_gutenberg_show_text_before_share":"","sfsi_plus_gutenberg_icon_type":"","sfsi_plus_gutenberg_icon_alignemt":"","sfsi_plus_gutenburg_max_per_row":"","footnotes":""},"categories":[2],"tags":[],"class_list":["post-140424","post","type-post","status-publish","format-standard","has-post-thumbnail","hentry","category-geral"],"_links":{"self":[{"href":"https:\/\/www.caririemacao.com\/1\/wp-json\/wp\/v2\/posts\/140424","targetHints":{"allow":["GET"]}}],"collection":[{"href":"https:\/\/www.caririemacao.com\/1\/wp-json\/wp\/v2\/posts"}],"about":[{"href":"https:\/\/www.caririemacao.com\/1\/wp-json\/wp\/v2\/types\/post"}],"author":[{"embeddable":true,"href":"https:\/\/www.caririemacao.com\/1\/wp-json\/wp\/v2\/users\/1"}],"replies":[{"embeddable":true,"href":"https:\/\/www.caririemacao.com\/1\/wp-json\/wp\/v2\/comments?post=140424"}],"version-history":[{"count":1,"href":"https:\/\/www.caririemacao.com\/1\/wp-json\/wp\/v2\/posts\/140424\/revisions"}],"predecessor-version":[{"id":140425,"href":"https:\/\/www.caririemacao.com\/1\/wp-json\/wp\/v2\/posts\/140424\/revisions\/140425"}],"wp:featuredmedia":[{"embeddable":true,"href":"https:\/\/www.caririemacao.com\/1\/wp-json\/wp\/v2\/media\/86703"}],"wp:attachment":[{"href":"https:\/\/www.caririemacao.com\/1\/wp-json\/wp\/v2\/media?parent=140424"}],"wp:term":[{"taxonomy":"category","embeddable":true,"href":"https:\/\/www.caririemacao.com\/1\/wp-json\/wp\/v2\/categories?post=140424"},{"taxonomy":"post_tag","embeddable":true,"href":"https:\/\/www.caririemacao.com\/1\/wp-json\/wp\/v2\/tags?post=140424"}],"curies":[{"name":"wp","href":"https:\/\/api.w.org\/{rel}","templated":true}]}}