{"id":140426,"date":"2019-12-11T12:58:57","date_gmt":"2019-12-11T15:58:57","guid":{"rendered":"http:\/\/www.caririemacao.com\/1\/?p=140426"},"modified":"2019-12-11T12:58:57","modified_gmt":"2019-12-11T15:58:57","slug":"votacao-de-mudancas-na-previdencia-estadual-e-adiada-de-novo-mas-regime-de-urgencia-e-aprovado","status":"publish","type":"post","link":"https:\/\/www.caririemacao.com\/1\/2019\/12\/11\/votacao-de-mudancas-na-previdencia-estadual-e-adiada-de-novo-mas-regime-de-urgencia-e-aprovado\/","title":{"rendered":"Vota\u00e7\u00e3o de mudan\u00e7as na previd\u00eancia estadual \u00e9 adiada de novo, mas regime de urg\u00eancia \u00e9 aprovado"},"content":{"rendered":"\n<p>A vota\u00e7\u00e3o do Projeto de Lei Complementar (PLC) que altera o regime previdenci\u00e1rio no Estado da Para\u00edba foi adiada mais uma vez na Assembleia Legislativa nesta quarta-feira (11). O plen\u00e1rio, por\u00e9m, aprovou por maioria, o regime de urg\u00eancia para vota\u00e7\u00e3o da mat\u00e9ria.<\/p>\n\n\n\n<p>A mat\u00e9ria est\u00e1 em pauta na Comiss\u00e3o de Constitui\u00e7\u00e3o e Justi\u00e7a (CCJ) da Casa, e foi apresentada para aprecia\u00e7\u00e3o nesta ter\u00e7a-feira, quando foi adiada ap\u00f3s pedido de vistas da deputada Camila Toscano (PSDB). Na sess\u00e3o desta quarta, foi a vez do deputado Walber Virgolino (Patriota) pedir vistas do projeto.<\/p>\n\n\n\n<p>A oposi\u00e7\u00e3o protestou contra a urg\u00eancia e argumenta que o projeto deve ser apreciado com calma, por ser de extrema import\u00e2ncia. Houve bate-boca. A pr\u00f3xima sess\u00e3o da CCJ est\u00e1 marcada para esta quinta-feira (12).<\/p>\n\n\n\n<figure><iframe data-src=\"https:\/\/www.youtube.com\/embed\/Q7D3jpaTi4U\" allowfullscreen=\"\" width=\"560\" height=\"315\" src=\"data:image\/svg+xml;base64,PHN2ZyB3aWR0aD0iMSIgaGVpZ2h0PSIxIiB4bWxucz0iaHR0cDovL3d3dy53My5vcmcvMjAwMC9zdmciPjwvc3ZnPg==\" class=\"lazyload\" data-load-mode=\"1\"><\/iframe><\/figure>\n\n\n\n<h1 class=\"wp-block-heading\"><\/h1>\n\n\n\n<p> CLICKPB<\/p>\n","protected":false},"excerpt":{"rendered":"<p>A vota\u00e7\u00e3o do Projeto de Lei Complementar (PLC) que altera o regime previdenci\u00e1rio no Estado da Para\u00edba foi adiada mais uma vez na Assembleia Legislativa&hellip; <\/p>\n","protected":false},"author":1,"featured_media":140427,"comment_status":"closed","ping_status":"closed","sticky":false,"template":"","format":"standard","meta":{"sfsi_plus_gutenberg_text_before_share":"","sfsi_plus_gutenberg_show_text_before_share":"","sfsi_plus_gutenberg_icon_type":"","sfsi_plus_gutenberg_icon_alignemt":"","sfsi_plus_gutenburg_max_per_row":"","footnotes":""},"categories":[11],"tags":[],"class_list":["post-140426","post","type-post","status-publish","format-standard","has-post-thumbnail","hentry","category-politica"],"_links":{"self":[{"href":"https:\/\/www.caririemacao.com\/1\/wp-json\/wp\/v2\/posts\/140426","targetHints":{"allow":["GET"]}}],"collection":[{"href":"https:\/\/www.caririemacao.com\/1\/wp-json\/wp\/v2\/posts"}],"about":[{"href":"https:\/\/www.caririemacao.com\/1\/wp-json\/wp\/v2\/types\/post"}],"author":[{"embeddable":true,"href":"https:\/\/www.caririemacao.com\/1\/wp-json\/wp\/v2\/users\/1"}],"replies":[{"embeddable":true,"href":"https:\/\/www.caririemacao.com\/1\/wp-json\/wp\/v2\/comments?post=140426"}],"version-history":[{"count":1,"href":"https:\/\/www.caririemacao.com\/1\/wp-json\/wp\/v2\/posts\/140426\/revisions"}],"predecessor-version":[{"id":140428,"href":"https:\/\/www.caririemacao.com\/1\/wp-json\/wp\/v2\/posts\/140426\/revisions\/140428"}],"wp:featuredmedia":[{"embeddable":true,"href":"https:\/\/www.caririemacao.com\/1\/wp-json\/wp\/v2\/media\/140427"}],"wp:attachment":[{"href":"https:\/\/www.caririemacao.com\/1\/wp-json\/wp\/v2\/media?parent=140426"}],"wp:term":[{"taxonomy":"category","embeddable":true,"href":"https:\/\/www.caririemacao.com\/1\/wp-json\/wp\/v2\/categories?post=140426"},{"taxonomy":"post_tag","embeddable":true,"href":"https:\/\/www.caririemacao.com\/1\/wp-json\/wp\/v2\/tags?post=140426"}],"curies":[{"name":"wp","href":"https:\/\/api.w.org\/{rel}","templated":true}]}}