{"id":140433,"date":"2019-12-11T13:07:51","date_gmt":"2019-12-11T16:07:51","guid":{"rendered":"http:\/\/www.caririemacao.com\/1\/?p=140433"},"modified":"2019-12-11T13:07:51","modified_gmt":"2019-12-11T16:07:51","slug":"escola-municipal-joao-de-sousa-em-sume-encerra-ano-letivo-com-diversas-atividades","status":"publish","type":"post","link":"https:\/\/www.caririemacao.com\/1\/2019\/12\/11\/escola-municipal-joao-de-sousa-em-sume-encerra-ano-letivo-com-diversas-atividades\/","title":{"rendered":"Escola Municipal Jo\u00e3o de Sousa em Sum\u00e9 encerra ano letivo com diversas atividades"},"content":{"rendered":"\n<figure class=\"wp-block-image\"><img fetchpriority=\"high\" decoding=\"async\" width=\"1024\" height=\"768\" src=\"http:\/\/www.caririemacao.com\/1\/wp-content\/uploads\/2019\/12\/IMG-20191210-WA0070-1024x768.jpg\" alt=\"\" class=\"wp-image-140434\" srcset=\"https:\/\/www.caririemacao.com\/1\/wp-content\/uploads\/2019\/12\/IMG-20191210-WA0070-1024x768.jpg 1024w, https:\/\/www.caririemacao.com\/1\/wp-content\/uploads\/2019\/12\/IMG-20191210-WA0070-300x225.jpg 300w, https:\/\/www.caririemacao.com\/1\/wp-content\/uploads\/2019\/12\/IMG-20191210-WA0070-768x576.jpg 768w, https:\/\/www.caririemacao.com\/1\/wp-content\/uploads\/2019\/12\/IMG-20191210-WA0070.jpg 1280w\" sizes=\"(max-width: 1024px) 100vw, 1024px\" \/><\/figure>\n\n\n\n<p>A Escola Jo\u00e3o de Sousa, localizada no s\u00edtio Concei\u00e7\u00e3o, encerrou as atividades do ano letivo, na ter\u00e7a-feira (10), com uma s\u00e9rie de a\u00e7\u00f5es para os estudantes e suas fam\u00edlias, planejadas pelas Secretarias de Educa\u00e7\u00e3o e Sa\u00fade.<\/p>\n\n\n\n<p>Os alunos fizeram exposi\u00e7\u00e3o de trabalhos de arte elaborados durante todo o ano. Professores da Creche levaram anima\u00e7\u00e3o infantil para as crian\u00e7as e na ocasi\u00e3o a equipe da Secretaria de Educa\u00e7\u00e3o renovou com os pais, a matr\u00edcula de dezenas de crian\u00e7as.<\/p>\n\n\n\n<p>A Secretaria de Sa\u00fade disponibilizou junto alguns servi\u00e7os para a comunidade na unidade de sa\u00fade local, como vacina\u00e7\u00e3o para as crian\u00e7as, atualiza\u00e7\u00e3o dos cart\u00f5es de vacina para adultos, aferi\u00e7\u00e3o de press\u00e3o e glicemia, servi\u00e7os de odontologia com pr\u00f3teses dent\u00e1rias.<\/p>\n\n\n\n<p>O prefeito \u00c9den Duarte esteve participando da a\u00e7\u00e3o na comunidade acompanhado dos vereadores, Daniel L\u00eala, Ant\u00f4nio Carlos Sarmento, F\u00e1bio Paulino e do secret\u00e1rio de Educa\u00e7\u00e3o, Odilon Ara\u00fajo.<\/p>\n\n\n\n<p>Ascom PMS<\/p>\n","protected":false},"excerpt":{"rendered":"<p>A Escola Jo\u00e3o de Sousa, localizada no s\u00edtio Concei\u00e7\u00e3o, encerrou as atividades do ano letivo, na ter\u00e7a-feira (10), com uma s\u00e9rie de a\u00e7\u00f5es para os&hellip; <\/p>\n","protected":false},"author":1,"featured_media":140435,"comment_status":"closed","ping_status":"closed","sticky":false,"template":"","format":"standard","meta":{"sfsi_plus_gutenberg_text_before_share":"","sfsi_plus_gutenberg_show_text_before_share":"","sfsi_plus_gutenberg_icon_type":"","sfsi_plus_gutenberg_icon_alignemt":"","sfsi_plus_gutenburg_max_per_row":"","footnotes":""},"categories":[14],"tags":[],"class_list":["post-140433","post","type-post","status-publish","format-standard","has-post-thumbnail","hentry","category-educacao"],"_links":{"self":[{"href":"https:\/\/www.caririemacao.com\/1\/wp-json\/wp\/v2\/posts\/140433","targetHints":{"allow":["GET"]}}],"collection":[{"href":"https:\/\/www.caririemacao.com\/1\/wp-json\/wp\/v2\/posts"}],"about":[{"href":"https:\/\/www.caririemacao.com\/1\/wp-json\/wp\/v2\/types\/post"}],"author":[{"embeddable":true,"href":"https:\/\/www.caririemacao.com\/1\/wp-json\/wp\/v2\/users\/1"}],"replies":[{"embeddable":true,"href":"https:\/\/www.caririemacao.com\/1\/wp-json\/wp\/v2\/comments?post=140433"}],"version-history":[{"count":1,"href":"https:\/\/www.caririemacao.com\/1\/wp-json\/wp\/v2\/posts\/140433\/revisions"}],"predecessor-version":[{"id":140436,"href":"https:\/\/www.caririemacao.com\/1\/wp-json\/wp\/v2\/posts\/140433\/revisions\/140436"}],"wp:featuredmedia":[{"embeddable":true,"href":"https:\/\/www.caririemacao.com\/1\/wp-json\/wp\/v2\/media\/140435"}],"wp:attachment":[{"href":"https:\/\/www.caririemacao.com\/1\/wp-json\/wp\/v2\/media?parent=140433"}],"wp:term":[{"taxonomy":"category","embeddable":true,"href":"https:\/\/www.caririemacao.com\/1\/wp-json\/wp\/v2\/categories?post=140433"},{"taxonomy":"post_tag","embeddable":true,"href":"https:\/\/www.caririemacao.com\/1\/wp-json\/wp\/v2\/tags?post=140433"}],"curies":[{"name":"wp","href":"https:\/\/api.w.org\/{rel}","templated":true}]}}