{"id":140437,"date":"2019-12-11T13:11:11","date_gmt":"2019-12-11T16:11:11","guid":{"rendered":"http:\/\/www.caririemacao.com\/1\/?p=140437"},"modified":"2019-12-11T13:11:11","modified_gmt":"2019-12-11T16:11:11","slug":"bolsonaro-defende-nomeado-para-palmares-e-diz-que-cultura-nao-e-para-minoria","status":"publish","type":"post","link":"https:\/\/www.caririemacao.com\/1\/2019\/12\/11\/bolsonaro-defende-nomeado-para-palmares-e-diz-que-cultura-nao-e-para-minoria\/","title":{"rendered":"Bolsonaro defende nomeado para Palmares e diz que cultura n\u00e3o \u00e9 para minoria"},"content":{"rendered":"\n<p>O presidente Jair Bolsonaro elogiou nesta quarta (11) o presidente suspenso da Funda\u00e7\u00e3o Palmares, S\u00e9rgio Camargo, que defende o fim do Dia da Consci\u00eancia Negra.<\/p>\n\n\n\n<p>Na sa\u00edda do Pal\u00e1cio da Alvorada, onde cumprimentou um grupo de eleitores, ele disse que o jornalista nomeado \u00e9 &#8220;excelente&#8221; e que gostou muito dele.<\/p>\n\n\n\n<p>&#8220;N\u00e3o tem essa hist\u00f3ria de branco e negro. Somos iguais e ponto final&#8221;, disse. &#8220;Cultura \u00e9 para maioria, n\u00e3o \u00e9 para minoria, n\u00e3o&#8221;, acrescentou.<\/p>\n\n\n\n<p>O presidente se reuniu com Camargo na ter\u00e7a-feira (10), em audi\u00eancia no Pal\u00e1cio do Planalto. Ap\u00f3s a reuni\u00e3o, o jornalista disse que a Funda\u00e7\u00e3o Palmares n\u00e3o apoiar\u00e1 o Dia da Consci\u00eancia Negra, comemorado em 20 de novembro.<\/p>\n\n\n\n<p>O \u00f3rg\u00e3o federal \u00e9 respons\u00e1vel por promover a cultura de matriz africana no pa\u00eds. Apesar de Camargo ter sido nomeado em novembro, a decis\u00e3o administrativa foi suspensa pelo juiz Emanuel Jos\u00e9 Matias Guerra, da 18\u00aa Vara Federal do Cear\u00e1. A AGU (Advocacia-Geral da Uni\u00e3o) j\u00e1 recorreu.<\/p>\n\n\n\n<p>No \u00faltimo dia 20 de novembro, o Pal\u00e1cio do Planalto n\u00e3o marcou nenhuma cerim\u00f4nia para celebrar a data e o presidente Jair Bolsonaro tamb\u00e9m n\u00e3o se manifestou sobre o dia nas redes sociais, diferentemente do que fez, por exemplo, no Dia da Bandeira e no Dia Internacional da Mulher.<\/p>\n\n\n\n<p>Antes de ser nomeado para o posto, S\u00e9rgio Camargo afirmou em suas redes sociais que o Brasil tem &#8220;racismo nutella&#8221; e que o&nbsp; &#8220;racismo real&#8221; existe nos Estados Unidos.<br>Ele tamb\u00e9m escreveu que a escravid\u00e3o foi terr\u00edvel, &#8220;mas ben\u00e9fica para os descendentes&#8221;. Na sequ\u00eancia, disse que &#8220;negros do Brasil vivem melhor que os negros da \u00c1frica&#8221;.<\/p>\n\n\n\n<p>Na opini\u00e3o de Camargo, deveria ser revalorizado o dia 13 de maio, Dia da Aboli\u00e7\u00e3o da Escravatura. Para ele, o racismo \u00e9 circunstancial, n\u00e3o estrutural, e capitaneado sobretudo por movimentos de esquerda.<\/p>\n\n\n\n<p>FOLHA <\/p>\n","protected":false},"excerpt":{"rendered":"<p>O presidente Jair Bolsonaro elogiou nesta quarta (11) o presidente suspenso da Funda\u00e7\u00e3o Palmares, S\u00e9rgio Camargo, que defende o fim do Dia da Consci\u00eancia Negra.&hellip; <\/p>\n","protected":false},"author":1,"featured_media":104618,"comment_status":"closed","ping_status":"closed","sticky":false,"template":"","format":"standard","meta":{"sfsi_plus_gutenberg_text_before_share":"","sfsi_plus_gutenberg_show_text_before_share":"","sfsi_plus_gutenberg_icon_type":"","sfsi_plus_gutenberg_icon_alignemt":"","sfsi_plus_gutenburg_max_per_row":"","footnotes":""},"categories":[11],"tags":[],"class_list":["post-140437","post","type-post","status-publish","format-standard","has-post-thumbnail","hentry","category-politica"],"_links":{"self":[{"href":"https:\/\/www.caririemacao.com\/1\/wp-json\/wp\/v2\/posts\/140437","targetHints":{"allow":["GET"]}}],"collection":[{"href":"https:\/\/www.caririemacao.com\/1\/wp-json\/wp\/v2\/posts"}],"about":[{"href":"https:\/\/www.caririemacao.com\/1\/wp-json\/wp\/v2\/types\/post"}],"author":[{"embeddable":true,"href":"https:\/\/www.caririemacao.com\/1\/wp-json\/wp\/v2\/users\/1"}],"replies":[{"embeddable":true,"href":"https:\/\/www.caririemacao.com\/1\/wp-json\/wp\/v2\/comments?post=140437"}],"version-history":[{"count":1,"href":"https:\/\/www.caririemacao.com\/1\/wp-json\/wp\/v2\/posts\/140437\/revisions"}],"predecessor-version":[{"id":140438,"href":"https:\/\/www.caririemacao.com\/1\/wp-json\/wp\/v2\/posts\/140437\/revisions\/140438"}],"wp:featuredmedia":[{"embeddable":true,"href":"https:\/\/www.caririemacao.com\/1\/wp-json\/wp\/v2\/media\/104618"}],"wp:attachment":[{"href":"https:\/\/www.caririemacao.com\/1\/wp-json\/wp\/v2\/media?parent=140437"}],"wp:term":[{"taxonomy":"category","embeddable":true,"href":"https:\/\/www.caririemacao.com\/1\/wp-json\/wp\/v2\/categories?post=140437"},{"taxonomy":"post_tag","embeddable":true,"href":"https:\/\/www.caririemacao.com\/1\/wp-json\/wp\/v2\/tags?post=140437"}],"curies":[{"name":"wp","href":"https:\/\/api.w.org\/{rel}","templated":true}]}}