{"id":140444,"date":"2019-12-11T13:52:26","date_gmt":"2019-12-11T16:52:26","guid":{"rendered":"http:\/\/www.caririemacao.com\/1\/?p=140444"},"modified":"2019-12-11T13:52:26","modified_gmt":"2019-12-11T16:52:26","slug":"camara-de-caraubas-realiza-ultima-reuniao-do-ano-e-aprova-orcamento-para-2020","status":"publish","type":"post","link":"https:\/\/www.caririemacao.com\/1\/2019\/12\/11\/camara-de-caraubas-realiza-ultima-reuniao-do-ano-e-aprova-orcamento-para-2020\/","title":{"rendered":"C\u00e2mara de Cara\u00fabas realiza \u00faltima reuni\u00e3o do ano e aprova or\u00e7amento para 2020"},"content":{"rendered":"\n<p>A C\u00e2mara de Vereadores de Cara\u00fabas realizou na noite desta\nter\u00e7a-feira, dia 10 de dezembro, a \u00faltima sess\u00e3o ordin\u00e1ria estando presente\ntodos os parlamentares caraubenses. Na pauta constou 05 projetos de lei.<\/p>\n\n\n\n<p>Inicialmente, o presidente Jos\u00e9 Franconero, cedeu espa\u00e7o\npara o contador da C\u00e2mara Municipal, Joilto Gon\u00e7alves, para esclarecer acerca\ndo Projeto da Lei Or\u00e7ament\u00e1ria Anual (LOA) para o exerc\u00edcio de 2020. O projeto\nfoi aprovado por todos os vereadores.<\/p>\n\n\n\n<p>Ainda em rela\u00e7\u00e3o ao or\u00e7amento foi analisado e aprovado o\nprojeto que altera o PPA 2018\/2021 e LDO 2020.<\/p>\n\n\n\n<p>Os vereadores votaram tamb\u00e9m,  o projeto que adapta a Pol\u00edtica Municipal da Assist\u00eancia Social a Lei Org\u00e2nica da Assist\u00eancia Social (LOAS), alterando a estrutura administrativa da Secretaria Municipal de Assist\u00eancia Social. No segundo projeto, cria e regulamenta a coordenadoria municipal de pol\u00edticas para as mulheres no munic\u00edpio de Cara\u00fabas.<\/p>\n\n\n\n<p>J\u00e1 no \u00faltimo projeto, de autoria da vereadora Cleoneide Fernandes (Neide), foi aprovado o t\u00edtulo de cidadania caraubense para o sargento Aizo June Viana Barbosa.<\/p>\n\n\n\n<figure class=\"wp-block-image\"><img fetchpriority=\"high\" decoding=\"async\" width=\"1024\" height=\"678\" src=\"http:\/\/www.caririemacao.com\/1\/wp-content\/uploads\/2019\/12\/DSC_0215-1024x678.jpg\" alt=\"\" class=\"wp-image-140447\" srcset=\"https:\/\/www.caririemacao.com\/1\/wp-content\/uploads\/2019\/12\/DSC_0215-1024x678.jpg 1024w, https:\/\/www.caririemacao.com\/1\/wp-content\/uploads\/2019\/12\/DSC_0215-300x199.jpg 300w, https:\/\/www.caririemacao.com\/1\/wp-content\/uploads\/2019\/12\/DSC_0215-768x509.jpg 768w, https:\/\/www.caririemacao.com\/1\/wp-content\/uploads\/2019\/12\/DSC_0215.jpg 1600w\" sizes=\"(max-width: 1024px) 100vw, 1024px\" \/><\/figure>\n\n\n\n<p>No final, o vereador e presidente Jos\u00e9 Franconero agradeceu a presen\u00e7a de todos os vereadores e a popula\u00e7\u00e3o e convidando todos para continuar rumo as melhorias da popula\u00e7\u00e3o caraubense. \u201cDesejo um feliz ano novo para todos. Vamos juntos trabalhar diariamente buscando o melhor para Cara\u00fabas\u201d, finalizou.<\/p>\n\n\n\n<p><a href=\"https:\/\/www.facebook.com\/pg\/CaririEmAcao\/photos\/?tab=album&amp;album_id=1740540456081970\">CLIQUE AQUI E VEJA TODAS AS FOTOS<\/a><\/p>\n","protected":false},"excerpt":{"rendered":"<p>A C\u00e2mara de Vereadores de Cara\u00fabas realizou na noite desta ter\u00e7a-feira, dia 10 de dezembro, a \u00faltima sess\u00e3o ordin\u00e1ria estando presente todos os parlamentares caraubenses.&hellip; <\/p>\n","protected":false},"author":2,"featured_media":140446,"comment_status":"closed","ping_status":"closed","sticky":false,"template":"","format":"standard","meta":{"sfsi_plus_gutenberg_text_before_share":"","sfsi_plus_gutenberg_show_text_before_share":"","sfsi_plus_gutenberg_icon_type":"","sfsi_plus_gutenberg_icon_alignemt":"","sfsi_plus_gutenburg_max_per_row":"","footnotes":""},"categories":[6,50],"tags":[],"class_list":["post-140444","post","type-post","status-publish","format-standard","has-post-thumbnail","hentry","category-cidades","category-destaque"],"_links":{"self":[{"href":"https:\/\/www.caririemacao.com\/1\/wp-json\/wp\/v2\/posts\/140444","targetHints":{"allow":["GET"]}}],"collection":[{"href":"https:\/\/www.caririemacao.com\/1\/wp-json\/wp\/v2\/posts"}],"about":[{"href":"https:\/\/www.caririemacao.com\/1\/wp-json\/wp\/v2\/types\/post"}],"author":[{"embeddable":true,"href":"https:\/\/www.caririemacao.com\/1\/wp-json\/wp\/v2\/users\/2"}],"replies":[{"embeddable":true,"href":"https:\/\/www.caririemacao.com\/1\/wp-json\/wp\/v2\/comments?post=140444"}],"version-history":[{"count":1,"href":"https:\/\/www.caririemacao.com\/1\/wp-json\/wp\/v2\/posts\/140444\/revisions"}],"predecessor-version":[{"id":140454,"href":"https:\/\/www.caririemacao.com\/1\/wp-json\/wp\/v2\/posts\/140444\/revisions\/140454"}],"wp:featuredmedia":[{"embeddable":true,"href":"https:\/\/www.caririemacao.com\/1\/wp-json\/wp\/v2\/media\/140446"}],"wp:attachment":[{"href":"https:\/\/www.caririemacao.com\/1\/wp-json\/wp\/v2\/media?parent=140444"}],"wp:term":[{"taxonomy":"category","embeddable":true,"href":"https:\/\/www.caririemacao.com\/1\/wp-json\/wp\/v2\/categories?post=140444"},{"taxonomy":"post_tag","embeddable":true,"href":"https:\/\/www.caririemacao.com\/1\/wp-json\/wp\/v2\/tags?post=140444"}],"curies":[{"name":"wp","href":"https:\/\/api.w.org\/{rel}","templated":true}]}}