{"id":140450,"date":"2019-12-11T13:51:51","date_gmt":"2019-12-11T16:51:51","guid":{"rendered":"http:\/\/www.caririemacao.com\/1\/?p=140450"},"modified":"2019-12-11T13:51:51","modified_gmt":"2019-12-11T16:51:51","slug":"ccj-confirma-aprovacao-de-pl-da-prisao-apos-condenacao-em-2a-instancia","status":"publish","type":"post","link":"https:\/\/www.caririemacao.com\/1\/2019\/12\/11\/ccj-confirma-aprovacao-de-pl-da-prisao-apos-condenacao-em-2a-instancia\/","title":{"rendered":"CCJ confirma aprova\u00e7\u00e3o de PL da pris\u00e3o ap\u00f3s condena\u00e7\u00e3o em 2\u00aa inst\u00e2ncia"},"content":{"rendered":"\n<p>A Comiss\u00e3o de Constitui\u00e7\u00e3o e Justi\u00e7a (CCJ) do Senado confirmou e concluiu nesta quarta-feira (11) a aprova\u00e7\u00e3o da proposta que permite a pris\u00e3o de condenados ap\u00f3s decis\u00e3o em segunda inst\u00e2ncia. O Projeto de Lei do Senado 166\/2018, do senador Lasier Martins (Podemos-RS), j\u00e1 havia passado pela primeira aprova\u00e7\u00e3o ontem (10) e precisava ser confirmado em turno suplementar na CCJ.<\/p>\n\n\n\n<p>O texto tem car\u00e1ter terminativo, o que significa que vai direto para a C\u00e2mara dos Deputados, a n\u00e3o ser que pelo menos nove senadores requeiram a vota\u00e7\u00e3o da proposta tamb\u00e9m no plen\u00e1rio da Casa. Na pr\u00e1tica \u00e9 isso que deve acontecer.<\/p>\n\n\n\n<p>O tema \u00e9 considerado pol\u00eamico e, por isso, o l\u00edder do governo no Senado, Fernando Bezerra Coelho (MDB-PE), \u00e9 um dos que articulam a coleta de assinaturas. A estrat\u00e9gia para impedir qualquer chance de vota\u00e7\u00e3o da mat\u00e9ria neste ano \u00e9 apresentar o recurso no \u00faltimo dia de prazo, que&nbsp;\u00e9 de cinco dias \u00fateis, contados a partir de hoje, da data de vota\u00e7\u00e3o do parecer na comiss\u00e3o.<\/p>\n\n\n\n<h2 class=\"wp-block-heading\">Gaveta<\/h2>\n\n\n\n<p>Na ter\u00e7a-feira, em diversas oportunidades, o presidente do Senado , Davi Alcolumbre (DEM-AP), deixou claro que<a href=\"http:\/\/agenciabrasil.ebc.com.br\/politica\/noticia\/2019-12\/alcolumbre-nao-pautara-votacao-do-pl-da-prisao-em-segunda-instancia\" target=\"_blank\" rel=\"noreferrer noopener\">&nbsp;n\u00e3o pretende pautar o texto<\/a>. Alcolumbre afirmou que o Senado aguardar\u00e1 decis\u00e3o da C\u00e2mara no ano que vem sobre a Proposta de Emenda \u00e0 Constitui\u00e7\u00e3o (PEC) 199\/2019, que trata do mesmo assunto.<\/p>\n\n\n\n<p>\u201c Em fevereiro estaremos aqui com todos os argumentos.Essa \u00e9 uma casa de embates e debates. Podemos at\u00e9 ter a garantia de que a PEC vai cumprir um calend\u00e1rio na C\u00e2mara, mas n\u00e3o temos do presidente da C\u00e2mara [Rodrigo Maia (DEM-RJ)], nem ele poderia dar, garantias de que ser\u00e1 aprovada no plen\u00e1rio da C\u00e2mara\u201d, argumentou a presidente da CCJ, Simone Tebet (MDB-MS).<\/p>\n\n\n\n<p>Na opini\u00e3o da senadora, nada justifica engavetar a proposta do Senado sobre o tema em detrimento da PEC que tramita na C\u00e2mara. \u201cN\u00e3o me lembro disso ter acontecido, porque fere a independ\u00eancia de duas Casas, que t\u00eam autoridade para caminhar em projetos aut\u00f4nomos\u201d, afirmou. O argumento da presidente da CCJ tem apoio de pelo menos 43 senadores que assinaram um manifesto pedindo que ela pautasse o projeto na comiss\u00e3o.<\/p>\n","protected":false},"excerpt":{"rendered":"<p>A Comiss\u00e3o de Constitui\u00e7\u00e3o e Justi\u00e7a (CCJ) do Senado confirmou e concluiu nesta quarta-feira (11) a aprova\u00e7\u00e3o da proposta que permite a pris\u00e3o de condenados&hellip; <\/p>\n","protected":false},"author":1,"featured_media":140451,"comment_status":"closed","ping_status":"closed","sticky":false,"template":"","format":"standard","meta":{"sfsi_plus_gutenberg_text_before_share":"","sfsi_plus_gutenberg_show_text_before_share":"","sfsi_plus_gutenberg_icon_type":"","sfsi_plus_gutenberg_icon_alignemt":"","sfsi_plus_gutenburg_max_per_row":"","footnotes":""},"categories":[11],"tags":[],"class_list":["post-140450","post","type-post","status-publish","format-standard","has-post-thumbnail","hentry","category-politica"],"_links":{"self":[{"href":"https:\/\/www.caririemacao.com\/1\/wp-json\/wp\/v2\/posts\/140450","targetHints":{"allow":["GET"]}}],"collection":[{"href":"https:\/\/www.caririemacao.com\/1\/wp-json\/wp\/v2\/posts"}],"about":[{"href":"https:\/\/www.caririemacao.com\/1\/wp-json\/wp\/v2\/types\/post"}],"author":[{"embeddable":true,"href":"https:\/\/www.caririemacao.com\/1\/wp-json\/wp\/v2\/users\/1"}],"replies":[{"embeddable":true,"href":"https:\/\/www.caririemacao.com\/1\/wp-json\/wp\/v2\/comments?post=140450"}],"version-history":[{"count":1,"href":"https:\/\/www.caririemacao.com\/1\/wp-json\/wp\/v2\/posts\/140450\/revisions"}],"predecessor-version":[{"id":140452,"href":"https:\/\/www.caririemacao.com\/1\/wp-json\/wp\/v2\/posts\/140450\/revisions\/140452"}],"wp:featuredmedia":[{"embeddable":true,"href":"https:\/\/www.caririemacao.com\/1\/wp-json\/wp\/v2\/media\/140451"}],"wp:attachment":[{"href":"https:\/\/www.caririemacao.com\/1\/wp-json\/wp\/v2\/media?parent=140450"}],"wp:term":[{"taxonomy":"category","embeddable":true,"href":"https:\/\/www.caririemacao.com\/1\/wp-json\/wp\/v2\/categories?post=140450"},{"taxonomy":"post_tag","embeddable":true,"href":"https:\/\/www.caririemacao.com\/1\/wp-json\/wp\/v2\/tags?post=140450"}],"curies":[{"name":"wp","href":"https:\/\/api.w.org\/{rel}","templated":true}]}}