{"id":140453,"date":"2019-12-11T13:52:45","date_gmt":"2019-12-11T16:52:45","guid":{"rendered":"http:\/\/www.caririemacao.com\/1\/?p=140453"},"modified":"2019-12-11T13:52:45","modified_gmt":"2019-12-11T16:52:45","slug":"calderano-fecha-2019-em-competicao-com-15-melhores-do-ranking-mundial","status":"publish","type":"post","link":"https:\/\/www.caririemacao.com\/1\/2019\/12\/11\/calderano-fecha-2019-em-competicao-com-15-melhores-do-ranking-mundial\/","title":{"rendered":"Calderano fecha 2019 em competi\u00e7\u00e3o com 15 melhores do ranking mundial"},"content":{"rendered":"\n<p>Sexto melhor do mundo, atr\u00e1s apenas de mesatenistas asi\u00e1ticos, o carioca Hugo Calderano disputa a partir da pr\u00f3xima sexta-feira (13) o ITTF World Tour Grand Finals, competi\u00e7\u00e3o que re\u00fane os dezesseis melhores&nbsp;do circuito mundial. A disputa ser\u00e1 na cidade de Zhengzhou,na China, onde foram sorteados hoje (11) as chaves.&nbsp;Hugo Calderano estreia na madrugada da pr\u00f3xima sexta-feira (13), contra o japon\u00eas Jun Mizutani,14\u00ba do ranking mundial, \u00e0 0h40 (hor\u00e1rio de Bras\u00edlia).<\/p>\n\n\n\n<figure class=\"wp-block-image\"><img decoding=\"async\" data-src=\"http:\/\/imagens.ebc.com.br\/611WUnPPD4oVHUecCQMrp-idrhM=\/754x0\/smart\/http:\/\/agenciabrasil.ebc.com.br\/sites\/default\/files\/thumbnails\/image\/elgimuvx0aegipb.jpg?itok=2mbHK0lm\" alt=\"elgimuvx0aegipb\" src=\"data:image\/svg+xml;base64,PHN2ZyB3aWR0aD0iMSIgaGVpZ2h0PSIxIiB4bWxucz0iaHR0cDovL3d3dy53My5vcmcvMjAwMC9zdmciPjwvc3ZnPg==\" class=\"lazyload\" \/><\/figure>\n\n\n\n<p>ITTF&nbsp;\/ Divulga\u00e7\u00e3o<\/p>\n\n\n\n<p>Em caso de vit\u00f3ria, o brasileiro voltar\u00e1 a enfrentar nas quartas de final o atual n\u00famero dois do mundo, o chin\u00eas Fan Zhendong, numa reedi\u00e7\u00e3o do que ocorreu na edi\u00e7\u00e3o World Tour Finals, do ano passado.Na \u00e9poca, Calderano levou a melhor sobre Zhendong, que em 2018&nbsp;liderava o ranking mundial.<\/p>\n\n\n\n<p>E pelo hist\u00f3rico em competi\u00e7\u00f5es internacionais nesta temporada, a expectativa \u00e9 de que o brasileiro avance \u00e0s fases finais do torneio. Este ano&nbsp;Calderano foi semifinalista nos Abertos da Austr\u00e1lia, Hungria e Rep\u00fablica Theca. Tamb\u00e9m sagrou-se bicampe\u00e3o na Copa Pan-Americana, em Porto Rico,&nbsp; e foi ouro na disputa individual e nas duplas \u2013 ao lado de Gustavo Tsuboi \u2013 no Pan-Americano de Lima (Peru), quando garantiu vaga nos Jogos Ol\u00edmpicos de T\u00f3quio 2020.<\/p>\n\n\n\n<p>O desempenho do atleta este ano foi reconhecido por aqui: na noite desta ter\u00e7a-feira (10), Calderano foi eleito Atleta da Torcida no Pr\u00eamio Ol\u00edmpico Brasileiro com quase metade (47%) dos votos populares.<\/p>\n","protected":false},"excerpt":{"rendered":"<p>Sexto melhor do mundo, atr\u00e1s apenas de mesatenistas asi\u00e1ticos, o carioca Hugo Calderano disputa a partir da pr\u00f3xima sexta-feira (13) o ITTF World Tour Grand&hellip; <\/p>\n","protected":false},"author":1,"featured_media":140455,"comment_status":"closed","ping_status":"closed","sticky":false,"template":"","format":"standard","meta":{"sfsi_plus_gutenberg_text_before_share":"","sfsi_plus_gutenberg_show_text_before_share":"","sfsi_plus_gutenberg_icon_type":"","sfsi_plus_gutenberg_icon_alignemt":"","sfsi_plus_gutenburg_max_per_row":"","footnotes":""},"categories":[13],"tags":[],"class_list":["post-140453","post","type-post","status-publish","format-standard","has-post-thumbnail","hentry","category-esportes"],"_links":{"self":[{"href":"https:\/\/www.caririemacao.com\/1\/wp-json\/wp\/v2\/posts\/140453","targetHints":{"allow":["GET"]}}],"collection":[{"href":"https:\/\/www.caririemacao.com\/1\/wp-json\/wp\/v2\/posts"}],"about":[{"href":"https:\/\/www.caririemacao.com\/1\/wp-json\/wp\/v2\/types\/post"}],"author":[{"embeddable":true,"href":"https:\/\/www.caririemacao.com\/1\/wp-json\/wp\/v2\/users\/1"}],"replies":[{"embeddable":true,"href":"https:\/\/www.caririemacao.com\/1\/wp-json\/wp\/v2\/comments?post=140453"}],"version-history":[{"count":1,"href":"https:\/\/www.caririemacao.com\/1\/wp-json\/wp\/v2\/posts\/140453\/revisions"}],"predecessor-version":[{"id":140456,"href":"https:\/\/www.caririemacao.com\/1\/wp-json\/wp\/v2\/posts\/140453\/revisions\/140456"}],"wp:featuredmedia":[{"embeddable":true,"href":"https:\/\/www.caririemacao.com\/1\/wp-json\/wp\/v2\/media\/140455"}],"wp:attachment":[{"href":"https:\/\/www.caririemacao.com\/1\/wp-json\/wp\/v2\/media?parent=140453"}],"wp:term":[{"taxonomy":"category","embeddable":true,"href":"https:\/\/www.caririemacao.com\/1\/wp-json\/wp\/v2\/categories?post=140453"},{"taxonomy":"post_tag","embeddable":true,"href":"https:\/\/www.caririemacao.com\/1\/wp-json\/wp\/v2\/tags?post=140453"}],"curies":[{"name":"wp","href":"https:\/\/api.w.org\/{rel}","templated":true}]}}