{"id":140488,"date":"2019-12-12T06:51:30","date_gmt":"2019-12-12T09:51:30","guid":{"rendered":"http:\/\/www.caririemacao.com\/1\/?p=140488"},"modified":"2019-12-12T06:51:30","modified_gmt":"2019-12-12T09:51:30","slug":"pobreza-e-mais-grave-em-familias-com-criancas","status":"publish","type":"post","link":"https:\/\/www.caririemacao.com\/1\/2019\/12\/12\/pobreza-e-mais-grave-em-familias-com-criancas\/","title":{"rendered":"Pobreza \u00e9 mais grave em fam\u00edlias com crian\u00e7as"},"content":{"rendered":"\n<p>Estudo divulgado nesta&nbsp;quinta-feira (12) pela Pontif\u00edcia Universidade Cat\u00f3lica de Minas Gerais (PUC Minas) e pela ag\u00eancia de desenvolvimento social ChildFund Brasil, de origem norte-americana com sede em Belo Horizonte (MG), mostra a priva\u00e7\u00e3o de necessidades essenciais ao desenvolvimento e qualidade de vida entre fam\u00edlias pobres do Maranh\u00e3o, Piau\u00ed e da Para\u00edba.<\/p>\n\n\n\n<p>A an\u00e1lise foi feita a partir do \u00cdndice de Pobreza Multidimensional (IPM), que, al\u00e9m da renda, considera o acesso \u00e0 educa\u00e7\u00e3o e \u00e0 sa\u00fade. O dado \u00e9 calculado por munic\u00edpio e avalia a situa\u00e7\u00e3o de crian\u00e7as de 0 a 11 anos.<\/p>\n\n\n\n<p>Conforme nota publicada pelos realizadores do estudo, \u201cfoi constatado que tanto a incid\u00eancia quanto a intensidade da pobreza s\u00e3o maiores em domic\u00edlios com presen\u00e7a de crian\u00e7as. Foram encontradas 186.241 crian\u00e7as com idade de 0 a 11 anos em situa\u00e7\u00e3o de pobreza multidimensional, sendo 126.760 no Maranh\u00e3o, 31.708 no Piau\u00ed e 27.773 na Para\u00edba\u201d.<\/p>\n\n\n\n<p>As duas institui\u00e7\u00f5es tamb\u00e9m avaliaram o risco de outras crian\u00e7as passarem a viver a situa\u00e7\u00e3o de pobreza multidimensional. \u201cNos tr\u00eas estados, foi constatada a exist\u00eancia de 577.946 crian\u00e7as em situa\u00e7\u00e3o de vulnerabilidade, na mesma faixa et\u00e1ria [0 a 11 anos], sendo 353.875 no Maranh\u00e3o, 118.274 no Piau\u00ed e 105.797 na Para\u00edba\u201d.<\/p>\n\n\n\n<p>O levantamento foi feito a partir de dados secund\u00e1rios origin\u00e1rios do Instituto Brasileiro de Geografia e Estat\u00edstica (IBGE), por equipe de professores e alunos dos programas de p\u00f3s-gradua\u00e7\u00e3o em Geografia, Tratamento da Informa\u00e7\u00e3o Social e Ci\u00eancias Sociais da PUC Minas.<\/p>\n","protected":false},"excerpt":{"rendered":"<p>Estudo divulgado nesta&nbsp;quinta-feira (12) pela Pontif\u00edcia Universidade Cat\u00f3lica de Minas Gerais (PUC Minas) e pela ag\u00eancia de desenvolvimento social ChildFund Brasil, de origem norte-americana com&hellip; <\/p>\n","protected":false},"author":1,"featured_media":75681,"comment_status":"closed","ping_status":"closed","sticky":false,"template":"","format":"standard","meta":{"sfsi_plus_gutenberg_text_before_share":"","sfsi_plus_gutenberg_show_text_before_share":"","sfsi_plus_gutenberg_icon_type":"","sfsi_plus_gutenberg_icon_alignemt":"","sfsi_plus_gutenburg_max_per_row":"","footnotes":""},"categories":[2],"tags":[],"class_list":["post-140488","post","type-post","status-publish","format-standard","has-post-thumbnail","hentry","category-geral"],"_links":{"self":[{"href":"https:\/\/www.caririemacao.com\/1\/wp-json\/wp\/v2\/posts\/140488","targetHints":{"allow":["GET"]}}],"collection":[{"href":"https:\/\/www.caririemacao.com\/1\/wp-json\/wp\/v2\/posts"}],"about":[{"href":"https:\/\/www.caririemacao.com\/1\/wp-json\/wp\/v2\/types\/post"}],"author":[{"embeddable":true,"href":"https:\/\/www.caririemacao.com\/1\/wp-json\/wp\/v2\/users\/1"}],"replies":[{"embeddable":true,"href":"https:\/\/www.caririemacao.com\/1\/wp-json\/wp\/v2\/comments?post=140488"}],"version-history":[{"count":1,"href":"https:\/\/www.caririemacao.com\/1\/wp-json\/wp\/v2\/posts\/140488\/revisions"}],"predecessor-version":[{"id":140489,"href":"https:\/\/www.caririemacao.com\/1\/wp-json\/wp\/v2\/posts\/140488\/revisions\/140489"}],"wp:featuredmedia":[{"embeddable":true,"href":"https:\/\/www.caririemacao.com\/1\/wp-json\/wp\/v2\/media\/75681"}],"wp:attachment":[{"href":"https:\/\/www.caririemacao.com\/1\/wp-json\/wp\/v2\/media?parent=140488"}],"wp:term":[{"taxonomy":"category","embeddable":true,"href":"https:\/\/www.caririemacao.com\/1\/wp-json\/wp\/v2\/categories?post=140488"},{"taxonomy":"post_tag","embeddable":true,"href":"https:\/\/www.caririemacao.com\/1\/wp-json\/wp\/v2\/tags?post=140488"}],"curies":[{"name":"wp","href":"https:\/\/api.w.org\/{rel}","templated":true}]}}