{"id":140593,"date":"2019-12-12T13:38:20","date_gmt":"2019-12-12T16:38:20","guid":{"rendered":"http:\/\/www.caririemacao.com\/1\/?p=140593"},"modified":"2019-12-12T13:38:20","modified_gmt":"2019-12-12T16:38:20","slug":"prefeitura-de-monteiro-paga-segunda-parcela-do-13o-nesta-sexta-feira","status":"publish","type":"post","link":"https:\/\/www.caririemacao.com\/1\/2019\/12\/12\/prefeitura-de-monteiro-paga-segunda-parcela-do-13o-nesta-sexta-feira\/","title":{"rendered":"Prefeitura de Monteiro paga segunda parcela do 13\u00ba nesta sexta-feira"},"content":{"rendered":"\n<p>A Prefeitura de Monteiro anunciou nesta quinta-feira, 12, que vai pagar a segunda parcela do 13\u00ba sal\u00e1rio de todos os servidores municipais da ativa, aposentados e pensionistas. O dep\u00f3sito na conta de cada servidor e de cada pensionista ser\u00e1 feito nesta sexta-feira, 13.<\/p>\n\n\n\n<p>A antecipa\u00e7\u00e3o do pagamento que, por lei, deve ser feito at\u00e9 o dia 20 de dezembro, \u00e9 garantida, segundo a prefeita Anna Lorena, devido ao esfor\u00e7o fiscal, realizado desde 2017, que mant\u00e9m o equil\u00edbrio das contas do Munic\u00edpio. A gratifica\u00e7\u00e3o resultar\u00e1 na inje\u00e7\u00e3o de mais de R$ 1 milh\u00e3o.<\/p>\n\n\n\n<p>\u201cTemos realizado todos os nossos pagamentos em dia, gra\u00e7as ao equil\u00edbrio financeiro que temos proporcionado. Estamos chegando ao fim de mais um ano com o sentimento de dever cumprido neste per\u00edodo. Foram diversos investimentos no munic\u00edpio tanto na cidade quanto na zona rural, investimos em todos os setores e um em especial, nosso funcionalismo, atrav\u00e9s de diversos cursos e capacita\u00e7\u00f5es. Nosso bem maior \u00e9 o nosso funcionalismo, e a melhor forma de reconhecer \u00e9 proporcionar uma estabilidade financeira, beneficiando ainda o com\u00e9rcio local\u201d, comenta a prefeita Anna Lorena.<\/p>\n","protected":false},"excerpt":{"rendered":"<p>A Prefeitura de Monteiro anunciou nesta quinta-feira, 12, que vai pagar a segunda parcela do 13\u00ba sal\u00e1rio de todos os servidores municipais da ativa, aposentados&hellip; <\/p>\n","protected":false},"author":1,"featured_media":30877,"comment_status":"closed","ping_status":"closed","sticky":false,"template":"","format":"standard","meta":{"sfsi_plus_gutenberg_text_before_share":"","sfsi_plus_gutenberg_show_text_before_share":"","sfsi_plus_gutenberg_icon_type":"","sfsi_plus_gutenberg_icon_alignemt":"","sfsi_plus_gutenburg_max_per_row":"","footnotes":""},"categories":[6],"tags":[],"class_list":["post-140593","post","type-post","status-publish","format-standard","has-post-thumbnail","hentry","category-cidades"],"_links":{"self":[{"href":"https:\/\/www.caririemacao.com\/1\/wp-json\/wp\/v2\/posts\/140593","targetHints":{"allow":["GET"]}}],"collection":[{"href":"https:\/\/www.caririemacao.com\/1\/wp-json\/wp\/v2\/posts"}],"about":[{"href":"https:\/\/www.caririemacao.com\/1\/wp-json\/wp\/v2\/types\/post"}],"author":[{"embeddable":true,"href":"https:\/\/www.caririemacao.com\/1\/wp-json\/wp\/v2\/users\/1"}],"replies":[{"embeddable":true,"href":"https:\/\/www.caririemacao.com\/1\/wp-json\/wp\/v2\/comments?post=140593"}],"version-history":[{"count":1,"href":"https:\/\/www.caririemacao.com\/1\/wp-json\/wp\/v2\/posts\/140593\/revisions"}],"predecessor-version":[{"id":140594,"href":"https:\/\/www.caririemacao.com\/1\/wp-json\/wp\/v2\/posts\/140593\/revisions\/140594"}],"wp:featuredmedia":[{"embeddable":true,"href":"https:\/\/www.caririemacao.com\/1\/wp-json\/wp\/v2\/media\/30877"}],"wp:attachment":[{"href":"https:\/\/www.caririemacao.com\/1\/wp-json\/wp\/v2\/media?parent=140593"}],"wp:term":[{"taxonomy":"category","embeddable":true,"href":"https:\/\/www.caririemacao.com\/1\/wp-json\/wp\/v2\/categories?post=140593"},{"taxonomy":"post_tag","embeddable":true,"href":"https:\/\/www.caririemacao.com\/1\/wp-json\/wp\/v2\/tags?post=140593"}],"curies":[{"name":"wp","href":"https:\/\/api.w.org\/{rel}","templated":true}]}}