{"id":140605,"date":"2019-12-12T13:45:27","date_gmt":"2019-12-12T16:45:27","guid":{"rendered":"http:\/\/www.caririemacao.com\/1\/?p=140605"},"modified":"2019-12-12T13:45:27","modified_gmt":"2019-12-12T16:45:27","slug":"grupo-de-idosos-alegria-de-viver-e-scfv-realizam-culminancia-das-atividades-de-2019","status":"publish","type":"post","link":"https:\/\/www.caririemacao.com\/1\/2019\/12\/12\/grupo-de-idosos-alegria-de-viver-e-scfv-realizam-culminancia-das-atividades-de-2019\/","title":{"rendered":"Grupo de Idosos Alegria de Viver e SCFV realizam culmin\u00e2ncia das atividades de 2019"},"content":{"rendered":"\n<p>Nesta quarta-feira (11), a Secretaria de Assist\u00eancia Social, atrav\u00e9s do Cras, realizou a culmin\u00e2ncia das atividades do Grupo de Idosos Alegria de Viver.<\/p>\n\n\n\n<p>A confraterniza\u00e7\u00e3o aconteceu no audit\u00f3rio do Programa Bolsa Fam\u00edlia e contou com a participa\u00e7\u00e3o das usu\u00e1rias do projeto, da secret\u00e1ria de Assist\u00eancia Social, Tanniery L\u00eala e com as servidoras do Centro.<\/p>\n\n\n\n<p>O Grupo tem aproximadamente 20 anos e realiza atividades semanalmente com pessoas da terceira idade, fazendo com que elas possam desenvolver a parte f\u00edsica e melhorar a autoestima.<\/p>\n\n\n\n<p>O momento foi de festa para o grupo, que tem cerca de 30 pessoas participantes e que se re\u00fanem todas as quartas-feiras no Cras.<\/p>\n\n\n\n<p>Durante o evento, aconteceu tamb\u00e9m a apresenta\u00e7\u00e3o do grupo de flauta do Projeto M\u00f4nica, amigo secreto e distribui\u00e7\u00e3o de panetones.<\/p>\n\n\n\n<p>Ainda na quarta-feira, a Secretaria de Assist\u00eancia realizou a culmin\u00e2ncia das oficinas de artesanato, esporte, dan\u00e7a e m\u00fasica do Servi\u00e7o de Coniv\u00eancia e Fortalecimento de V\u00ednculos.<\/p>\n\n\n\n<p>Dando continuidade \u00e0 programa\u00e7\u00e3o de confraterniza\u00e7\u00f5es dos Projetos da Assist\u00eancia, nesta sexta-feira (13) acontece o Baile de Debutantes para as meninas do SCFV, \u00e0s 20h, no Gin\u00e1sio Municipal. No dia (19), \u00e9 a vez da entrega de kits de enxovais para o grupo de gestantes do Cras.<\/p>\n","protected":false},"excerpt":{"rendered":"<p>Nesta quarta-feira (11), a Secretaria de Assist\u00eancia Social, atrav\u00e9s do Cras, realizou a culmin\u00e2ncia das atividades do Grupo de Idosos Alegria de Viver. A confraterniza\u00e7\u00e3o&hellip; <\/p>\n","protected":false},"author":1,"featured_media":140606,"comment_status":"closed","ping_status":"closed","sticky":false,"template":"","format":"standard","meta":{"sfsi_plus_gutenberg_text_before_share":"","sfsi_plus_gutenberg_show_text_before_share":"","sfsi_plus_gutenberg_icon_type":"","sfsi_plus_gutenberg_icon_alignemt":"","sfsi_plus_gutenburg_max_per_row":"","footnotes":""},"categories":[6],"tags":[],"class_list":["post-140605","post","type-post","status-publish","format-standard","has-post-thumbnail","hentry","category-cidades"],"_links":{"self":[{"href":"https:\/\/www.caririemacao.com\/1\/wp-json\/wp\/v2\/posts\/140605","targetHints":{"allow":["GET"]}}],"collection":[{"href":"https:\/\/www.caririemacao.com\/1\/wp-json\/wp\/v2\/posts"}],"about":[{"href":"https:\/\/www.caririemacao.com\/1\/wp-json\/wp\/v2\/types\/post"}],"author":[{"embeddable":true,"href":"https:\/\/www.caririemacao.com\/1\/wp-json\/wp\/v2\/users\/1"}],"replies":[{"embeddable":true,"href":"https:\/\/www.caririemacao.com\/1\/wp-json\/wp\/v2\/comments?post=140605"}],"version-history":[{"count":1,"href":"https:\/\/www.caririemacao.com\/1\/wp-json\/wp\/v2\/posts\/140605\/revisions"}],"predecessor-version":[{"id":140607,"href":"https:\/\/www.caririemacao.com\/1\/wp-json\/wp\/v2\/posts\/140605\/revisions\/140607"}],"wp:featuredmedia":[{"embeddable":true,"href":"https:\/\/www.caririemacao.com\/1\/wp-json\/wp\/v2\/media\/140606"}],"wp:attachment":[{"href":"https:\/\/www.caririemacao.com\/1\/wp-json\/wp\/v2\/media?parent=140605"}],"wp:term":[{"taxonomy":"category","embeddable":true,"href":"https:\/\/www.caririemacao.com\/1\/wp-json\/wp\/v2\/categories?post=140605"},{"taxonomy":"post_tag","embeddable":true,"href":"https:\/\/www.caririemacao.com\/1\/wp-json\/wp\/v2\/tags?post=140605"}],"curies":[{"name":"wp","href":"https:\/\/api.w.org\/{rel}","templated":true}]}}