{"id":140641,"date":"2019-12-13T08:04:36","date_gmt":"2019-12-13T11:04:36","guid":{"rendered":"http:\/\/www.caririemacao.com\/1\/?p=140641"},"modified":"2019-12-13T08:04:36","modified_gmt":"2019-12-13T11:04:36","slug":"governo-de-camalau-realiza-festa-da-padroeira-do-distrito-do-pindurao-com-corrida-de-jegue-torneio-de-futebol-e-grandes-atracoes","status":"publish","type":"post","link":"https:\/\/www.caririemacao.com\/1\/2019\/12\/13\/governo-de-camalau-realiza-festa-da-padroeira-do-distrito-do-pindurao-com-corrida-de-jegue-torneio-de-futebol-e-grandes-atracoes\/","title":{"rendered":"Governo de Camala\u00fa realiza festa da padroeira do Distrito do Pindur\u00e3o com corrida de jegue, torneio de futebol e grandes atra\u00e7\u00f5es"},"content":{"rendered":"\n<p>A prefeitura Municipal de Camala\u00fa promove mais um grande evento cultural na pr\u00f3xima sexta e no pr\u00f3ximo S\u00e1bado, 13 e 14, respectivamente.<br>Trata-se da festa de Nossa Senhora da Concei\u00e7\u00e3o, padroeira do Distrito do Pindur\u00e3o do Costa.<br>O evento conta com uma vasta programa\u00e7\u00e3o religiosa e tamb\u00e9m com uma din\u00e2mica parte social, e eventos esportivos que contam com o apoio total do governo municipal.<br>Dentro da programa\u00e7\u00e3o festiva social, a anima\u00e7\u00e3o ficar\u00e1 por conta das seguintes atra\u00e7\u00f5es:<br>Dia 13- Sexta- Dorgivan Brito e A Pegada SeguraDia 14- S\u00e1bado- Aleksandra Tavares e Cesinha Atrevido<br>Os shows come\u00e7am sempre \u00e0 partir das 22 horas e devem contar com um \u00f3timo p\u00fablico.<br>ATIVIDADES ESPORTIVAS<br>No s\u00e1bado, haver\u00e1 um grande torneio de futebol \u00e0 partir das 08 horas da manh\u00e3, e \u00e0 tarde, \u00e0 partir das 15 horas ser\u00e1 realizada a 2\u00aa Corrida de Jegue do Distrito do Pindur\u00e3o, dois eventos que prometem mobilizar os desportistas da regi\u00e3o.<br>F\u00c1BIO BRITO <\/p>\n","protected":false},"excerpt":{"rendered":"<p>A prefeitura Municipal de Camala\u00fa promove mais um grande evento cultural na pr\u00f3xima sexta e no pr\u00f3ximo S\u00e1bado, 13 e 14, respectivamente.Trata-se da festa de&hellip; <\/p>\n","protected":false},"author":1,"featured_media":140642,"comment_status":"closed","ping_status":"closed","sticky":false,"template":"","format":"standard","meta":{"sfsi_plus_gutenberg_text_before_share":"","sfsi_plus_gutenberg_show_text_before_share":"","sfsi_plus_gutenberg_icon_type":"","sfsi_plus_gutenberg_icon_alignemt":"","sfsi_plus_gutenburg_max_per_row":"","footnotes":""},"categories":[50,2],"tags":[],"class_list":["post-140641","post","type-post","status-publish","format-standard","has-post-thumbnail","hentry","category-destaque","category-geral"],"_links":{"self":[{"href":"https:\/\/www.caririemacao.com\/1\/wp-json\/wp\/v2\/posts\/140641","targetHints":{"allow":["GET"]}}],"collection":[{"href":"https:\/\/www.caririemacao.com\/1\/wp-json\/wp\/v2\/posts"}],"about":[{"href":"https:\/\/www.caririemacao.com\/1\/wp-json\/wp\/v2\/types\/post"}],"author":[{"embeddable":true,"href":"https:\/\/www.caririemacao.com\/1\/wp-json\/wp\/v2\/users\/1"}],"replies":[{"embeddable":true,"href":"https:\/\/www.caririemacao.com\/1\/wp-json\/wp\/v2\/comments?post=140641"}],"version-history":[{"count":1,"href":"https:\/\/www.caririemacao.com\/1\/wp-json\/wp\/v2\/posts\/140641\/revisions"}],"predecessor-version":[{"id":140643,"href":"https:\/\/www.caririemacao.com\/1\/wp-json\/wp\/v2\/posts\/140641\/revisions\/140643"}],"wp:featuredmedia":[{"embeddable":true,"href":"https:\/\/www.caririemacao.com\/1\/wp-json\/wp\/v2\/media\/140642"}],"wp:attachment":[{"href":"https:\/\/www.caririemacao.com\/1\/wp-json\/wp\/v2\/media?parent=140641"}],"wp:term":[{"taxonomy":"category","embeddable":true,"href":"https:\/\/www.caririemacao.com\/1\/wp-json\/wp\/v2\/categories?post=140641"},{"taxonomy":"post_tag","embeddable":true,"href":"https:\/\/www.caririemacao.com\/1\/wp-json\/wp\/v2\/tags?post=140641"}],"curies":[{"name":"wp","href":"https:\/\/api.w.org\/{rel}","templated":true}]}}