{"id":140644,"date":"2019-12-13T08:07:39","date_gmt":"2019-12-13T11:07:39","guid":{"rendered":"http:\/\/www.caririemacao.com\/1\/?p=140644"},"modified":"2019-12-13T08:07:39","modified_gmt":"2019-12-13T11:07:39","slug":"no-stf-dias-toffoli-devera-decidir-sobre-tramitacao-da-previdencia-na-alpb","status":"publish","type":"post","link":"https:\/\/www.caririemacao.com\/1\/2019\/12\/13\/no-stf-dias-toffoli-devera-decidir-sobre-tramitacao-da-previdencia-na-alpb\/","title":{"rendered":"NO STF: Dias Toffoli dever\u00e1 decidir sobre tramita\u00e7\u00e3o da previd\u00eancia na ALPB"},"content":{"rendered":"\n<p>A Procuradoria Geral do Estado, deu entrada nesta quinta-feira (12) com o recurso no Supremo Tribunal Federal para pedir que a tramita\u00e7\u00e3o do projeto da Reforma da Previd\u00eancia tenha o rito determinado pela Assembleia Legislativa e n\u00e3o pelo poder judici\u00e1rio.<\/p>\n\n\n\n<p>Segundo o procurador F\u00e1bio Andrade, j\u00e1 foi protocolado o pedido de revis\u00e3o da decis\u00e3o tomada pelo Tribunal de Justi\u00e7a da Para\u00edba ao STF. \u201cAgora estamos aguardando a decis\u00e3o. A ALPB \u00e9 quem poderia decidir o rito a ser adotado e decidir se urgente urgent\u00edssima. \u00c9 a ALPB que deve escolher, n\u00e3o cabendo ao poder judici\u00e1rio essa an\u00e1lise\u201d, explicou, em entrevista ao ClickPB.<\/p>\n\n\n\n<p>Ainda segundo ele, n\u00e3o existe um prazo para a resposta do STF sobre o caso. \u201c\u00c9 algo imprevis\u00edvel. N\u00e3o tem como definir com precis\u00e3o. estamos pedindo a urg\u00eancia e vamos aguardar para saber quando vem essa decis\u00e3o\u201d, explicou.<\/p>\n","protected":false},"excerpt":{"rendered":"<p>A Procuradoria Geral do Estado, deu entrada nesta quinta-feira (12) com o recurso no Supremo Tribunal Federal para pedir que a tramita\u00e7\u00e3o do projeto da&hellip; <\/p>\n","protected":false},"author":1,"featured_media":140645,"comment_status":"closed","ping_status":"closed","sticky":false,"template":"","format":"standard","meta":{"sfsi_plus_gutenberg_text_before_share":"","sfsi_plus_gutenberg_show_text_before_share":"","sfsi_plus_gutenberg_icon_type":"","sfsi_plus_gutenberg_icon_alignemt":"","sfsi_plus_gutenburg_max_per_row":"","footnotes":""},"categories":[11],"tags":[],"class_list":["post-140644","post","type-post","status-publish","format-standard","has-post-thumbnail","hentry","category-politica"],"_links":{"self":[{"href":"https:\/\/www.caririemacao.com\/1\/wp-json\/wp\/v2\/posts\/140644","targetHints":{"allow":["GET"]}}],"collection":[{"href":"https:\/\/www.caririemacao.com\/1\/wp-json\/wp\/v2\/posts"}],"about":[{"href":"https:\/\/www.caririemacao.com\/1\/wp-json\/wp\/v2\/types\/post"}],"author":[{"embeddable":true,"href":"https:\/\/www.caririemacao.com\/1\/wp-json\/wp\/v2\/users\/1"}],"replies":[{"embeddable":true,"href":"https:\/\/www.caririemacao.com\/1\/wp-json\/wp\/v2\/comments?post=140644"}],"version-history":[{"count":1,"href":"https:\/\/www.caririemacao.com\/1\/wp-json\/wp\/v2\/posts\/140644\/revisions"}],"predecessor-version":[{"id":140646,"href":"https:\/\/www.caririemacao.com\/1\/wp-json\/wp\/v2\/posts\/140644\/revisions\/140646"}],"wp:featuredmedia":[{"embeddable":true,"href":"https:\/\/www.caririemacao.com\/1\/wp-json\/wp\/v2\/media\/140645"}],"wp:attachment":[{"href":"https:\/\/www.caririemacao.com\/1\/wp-json\/wp\/v2\/media?parent=140644"}],"wp:term":[{"taxonomy":"category","embeddable":true,"href":"https:\/\/www.caririemacao.com\/1\/wp-json\/wp\/v2\/categories?post=140644"},{"taxonomy":"post_tag","embeddable":true,"href":"https:\/\/www.caririemacao.com\/1\/wp-json\/wp\/v2\/tags?post=140644"}],"curies":[{"name":"wp","href":"https:\/\/api.w.org\/{rel}","templated":true}]}}