{"id":140650,"date":"2019-12-13T08:24:50","date_gmt":"2019-12-13T11:24:50","guid":{"rendered":"http:\/\/www.caririemacao.com\/1\/?p=140650"},"modified":"2019-12-13T08:24:50","modified_gmt":"2019-12-13T11:24:50","slug":"mec-completa-primeira-capacitacao-para-escolas-civico-militares","status":"publish","type":"post","link":"https:\/\/www.caririemacao.com\/1\/2019\/12\/13\/mec-completa-primeira-capacitacao-para-escolas-civico-militares\/","title":{"rendered":"MEC completa primeira capacita\u00e7\u00e3o para escolas c\u00edvico-militares"},"content":{"rendered":"\n<p>O Minist\u00e9rio da Educa\u00e7\u00e3o (MEC) conclui nesta&nbsp;sexta-feira (12) a primeira capacita\u00e7\u00e3o para a implementa\u00e7\u00e3o das escolas c\u00edvico-militares, que reuniu 170 profissionais da educa\u00e7\u00e3o e representantes de estados e munic\u00edpios em Bras\u00edlia. O curso contou com palestras e oficinas sobre o projeto pol\u00edtico-pedag\u00f3gico das escolas, normas de conduta, avalia\u00e7\u00e3o e supervis\u00e3o escolar, al\u00e9m da apresenta\u00e7\u00e3o das regras de funcionamento das escolas e as atribui\u00e7\u00f5es de cada profissional.<\/p>\n\n\n\n<p>Ao todo, 216 escolas devem aderir ao sistema at\u00e9 2023, sendo 54 no pr\u00f3ximo ano. \u201cCom mais disciplina, vai dar chance ao professor para poder trabalhar melhor\u201d, diz a diretora Regina Sthela, que participou da capacita\u00e7\u00e3o.]Diretora de uma escola de S\u00e3o Lu\u00eds,&nbsp;B\u00e1rbara Costa&nbsp;espera que o programa proporcione melhora na infraestrutura. \u201cA minha expectativa \u00e9 que melhore nessas \u00e1reas, estrutura f\u00edsica, disciplina.\u201d<\/p>\n\n\n\n<figure class=\"wp-block-image\"><img decoding=\"async\" data-src=\"http:\/\/imagens.ebc.com.br\/wU9ZR1Wi7Gob-GrCke0kFlUMO_A=\/754x0\/smart\/http:\/\/agenciabrasil.ebc.com.br\/sites\/default\/files\/thumbnails\/image\/mcmgo_abr_110220193068df.jpg?itok=i0VqhzOq\" alt=\"Primeiro dia de aulas no CED 01 da Estrutural, uma das escolas p\u00fablicas do DF onde foi implementado o modelo c\u00edvico-militar. \" src=\"data:image\/svg+xml;base64,PHN2ZyB3aWR0aD0iMSIgaGVpZ2h0PSIxIiB4bWxucz0iaHR0cDovL3d3dy53My5vcmcvMjAwMC9zdmciPjwvc3ZnPg==\" class=\"lazyload\" \/><\/figure>\n\n\n\n<h6 class=\"wp-block-heading\">Mais de 200 escolas devem aderir ao modelo&nbsp;at\u00e9 2023&nbsp;&#8211;&nbsp;<strong>Marcelo Camargo\/Arquivo\/Ag\u00eancia Brasil<\/strong><\/h6>\n\n\n\n<p>Segundo o MEC, a capacita\u00e7\u00e3o tem o objetivo de contribuir para a melhoria da educa\u00e7\u00e3o b\u00e1sica do Brasil com um modelo centrado na melhoria de gest\u00e3o nas \u00e1reas educacionais, did\u00e1tica-pedag\u00f3gica e administrativa. O sistema \u00e9 baseado em levar o ensino dos col\u00e9gios militares do Ex\u00e9rcito, das pol\u00edcias militares e dos corpos de bombeiros militares a outras estruturas do pa\u00eds.<\/p>\n\n\n\n<p>O subsecret\u00e1rio de Fomento \u00e0s Escolas C\u00edvico-Militares do MEC, Aroldo Cursino, afirmou que o modelo deve ser adaptado para cada regi\u00e3o e observar as peculiaridades dos munic\u00edpios. \u201cN\u00f3s precisamos resgatar nos jovens a sua capacidade de ser protagonista da sua vida por interm\u00e9dio da educa\u00e7\u00e3o\u201d, complementou.<\/p>\n\n\n\n<p>Assista na&nbsp;<strong>TV Brasil<\/strong>:<\/p>\n\n\n\n<figure><iframe allowfullscreen=\"\" data-src=\"https:\/\/www.youtube.com\/embed\/rqWOP5dgotw\" src=\"data:image\/svg+xml;base64,PHN2ZyB3aWR0aD0iMSIgaGVpZ2h0PSIxIiB4bWxucz0iaHR0cDovL3d3dy53My5vcmcvMjAwMC9zdmciPjwvc3ZnPg==\" class=\"lazyload\" data-load-mode=\"1\"><\/iframe><\/figure>\n\n\n\n<p>De acordo com o MEC, o treinamento tamb\u00e9m busca abrir espa\u00e7o para o aprimorar as diretrizes do programa. A capacita\u00e7\u00e3o foi destinada a diretores e coordenadores de escolas. Esses educadores v\u00e3o atuar como pontos focais de secretarias estaduais e municipais de Educa\u00e7\u00e3o, que trabalhar\u00e3o como multiplicadores da informa\u00e7\u00e3o nas regi\u00f5es em que atuam.<\/p>\n\n\n\n<p>Cerca de mil militares da reserva das For\u00e7as Armadas, policiais e bombeiros militares da ativa v\u00e3o atuar na gest\u00e3o educacional das institui\u00e7\u00f5es. Em 2020, o MEC vai destinar R$ 54 milh\u00f5es para implementar o programa em 54 escolas, sendo R$ 1 milh\u00e3o para cada institui\u00e7\u00e3o.<\/p>\n\n\n\n<p><em>*Com informa\u00e7\u00f5es da&nbsp;<strong>TV Brasil<\/strong><\/em><\/p>\n","protected":false},"excerpt":{"rendered":"<p>O Minist\u00e9rio da Educa\u00e7\u00e3o (MEC) conclui nesta&nbsp;sexta-feira (12) a primeira capacita\u00e7\u00e3o para a implementa\u00e7\u00e3o das escolas c\u00edvico-militares, que reuniu 170 profissionais da educa\u00e7\u00e3o e representantes&hellip; <\/p>\n","protected":false},"author":1,"featured_media":140651,"comment_status":"closed","ping_status":"closed","sticky":false,"template":"","format":"standard","meta":{"sfsi_plus_gutenberg_text_before_share":"","sfsi_plus_gutenberg_show_text_before_share":"","sfsi_plus_gutenberg_icon_type":"","sfsi_plus_gutenberg_icon_alignemt":"","sfsi_plus_gutenburg_max_per_row":"","footnotes":""},"categories":[14],"tags":[],"class_list":["post-140650","post","type-post","status-publish","format-standard","has-post-thumbnail","hentry","category-educacao"],"_links":{"self":[{"href":"https:\/\/www.caririemacao.com\/1\/wp-json\/wp\/v2\/posts\/140650","targetHints":{"allow":["GET"]}}],"collection":[{"href":"https:\/\/www.caririemacao.com\/1\/wp-json\/wp\/v2\/posts"}],"about":[{"href":"https:\/\/www.caririemacao.com\/1\/wp-json\/wp\/v2\/types\/post"}],"author":[{"embeddable":true,"href":"https:\/\/www.caririemacao.com\/1\/wp-json\/wp\/v2\/users\/1"}],"replies":[{"embeddable":true,"href":"https:\/\/www.caririemacao.com\/1\/wp-json\/wp\/v2\/comments?post=140650"}],"version-history":[{"count":1,"href":"https:\/\/www.caririemacao.com\/1\/wp-json\/wp\/v2\/posts\/140650\/revisions"}],"predecessor-version":[{"id":140652,"href":"https:\/\/www.caririemacao.com\/1\/wp-json\/wp\/v2\/posts\/140650\/revisions\/140652"}],"wp:featuredmedia":[{"embeddable":true,"href":"https:\/\/www.caririemacao.com\/1\/wp-json\/wp\/v2\/media\/140651"}],"wp:attachment":[{"href":"https:\/\/www.caririemacao.com\/1\/wp-json\/wp\/v2\/media?parent=140650"}],"wp:term":[{"taxonomy":"category","embeddable":true,"href":"https:\/\/www.caririemacao.com\/1\/wp-json\/wp\/v2\/categories?post=140650"},{"taxonomy":"post_tag","embeddable":true,"href":"https:\/\/www.caririemacao.com\/1\/wp-json\/wp\/v2\/tags?post=140650"}],"curies":[{"name":"wp","href":"https:\/\/api.w.org\/{rel}","templated":true}]}}