{"id":140654,"date":"2019-12-13T08:26:04","date_gmt":"2019-12-13T11:26:04","guid":{"rendered":"http:\/\/www.caririemacao.com\/1\/?p=140654"},"modified":"2019-12-13T08:26:04","modified_gmt":"2019-12-13T11:26:04","slug":"pena-maior-para-calunia-pode-ser-vetada-diz-bolsonaro","status":"publish","type":"post","link":"https:\/\/www.caririemacao.com\/1\/2019\/12\/13\/pena-maior-para-calunia-pode-ser-vetada-diz-bolsonaro\/","title":{"rendered":"Pena maior para cal\u00fania pode ser vetada, diz Bolsonaro"},"content":{"rendered":"\n<p>O presidente Jair Bolsonaro afirmou hoje (12) que est\u00e1 disposto a vetar o aumento da pena por cal\u00fania, difama\u00e7\u00e3o e inj\u00faria divulgadas em redes sociais. O dispositivo est\u00e1 previsto no pacote anticrime, aprovado ontem pelo Senado, e que segue agora para san\u00e7\u00e3o presidencial. Segundo Bolsonaro, os poss\u00edveis vetos ser\u00e3o discutidos com o ministro da Justi\u00e7a, Sergio Moro. &nbsp;<\/p>\n\n\n\n<p>&#8220;Eu vou ouvir o Moro agora, porque [o projeto] sofreu mudan\u00e7as da C\u00e2mara, ver o que por ventura podemos vetar. Acho que \u00e9 bom voc\u00ea ficar ligado, que um dispositivo desse projeto anticrime triplica pena para quem cometeu crime de cal\u00fania, difama\u00e7\u00e3o e inj\u00faria nas m\u00eddia sociais. Imagina o inferno que vai ser. Eu estou disposto a vetar isso da\u00ed, mas a gente vai acompanhar nos coment\u00e1rios, para ver o que o povo acha&#8221;, afirmou o presidente durante sua&nbsp;<em>live<\/em>&nbsp;semanal no Facebook.<\/p>\n\n\n\n<figure class=\"wp-block-image\"><img decoding=\"async\" data-src=\"http:\/\/imagens.ebc.com.br\/XsPpwfeL0fJfqSckMvGSR98OvNU=\/365x0\/smart\/http:\/\/agenciabrasil.ebc.com.br\/sites\/default\/files\/thumbnails\/image\/bolsonaro_alvorada_111219a81t90864598.jpg?itok=r6fM88FY\" alt=\"Presidente Jair Bolsonaro cumprimenta turistas no Pal\u00e1cio da Alvorada\" src=\"data:image\/svg+xml;base64,PHN2ZyB3aWR0aD0iMSIgaGVpZ2h0PSIxIiB4bWxucz0iaHR0cDovL3d3dy53My5vcmcvMjAwMC9zdmciPjwvc3ZnPg==\" class=\"lazyload\" \/><\/figure>\n\n\n\n<h6 class=\"wp-block-heading\">Presidente disse que vai conversar com Moro sobre vetos a pacote anticrime &#8211;&nbsp;<strong>Antonio Cruz\/ Ag\u00eancia Brasil<\/strong><br><\/h6>\n\n\n\n<p>O pacote anticrime re\u00fane parte da proposta apresentada no in\u00edcio deste ano pelo ministro Sergio Moro e trechos do texto elaborado pela comiss\u00e3o de juristas coordenada pelo ministro do Supremo Tribunal Federal (STF) Alexandre de Moraes. A mat\u00e9ria traz mudan\u00e7as na legisla\u00e7\u00e3o penal, como aumento de penas e novas regras para progress\u00e3o de regime pelos condenados.<\/p>\n\n\n\n<p>O texto foi&nbsp;<a href=\"http:\/\/agenciabrasil.ebc.com.br\/politica\/noticia\/2019-12\/camara-aprova-pacote-anticrime-texto-vai-ao-senado\" target=\"_blank\" rel=\"noreferrer noopener\">aprovado na C\u00e2mara<\/a>&nbsp;na semana passada, sem pontos considerados mais pol\u00eamicos. Dentre esses pontos, ficaram de fora do texto final temas como pris\u00e3o ap\u00f3s condena\u00e7\u00e3o em segunda inst\u00e2ncia, que est\u00e1 em discuss\u00e3o por instrumentos diferentes na C\u00e2mara e no Senado; e o&nbsp;<em>plea bargain<\/em>, dispositivo que prev\u00ea a redu\u00e7\u00e3o de penas de acusados que confessarem ter cometido um determinado crime.<\/p>\n\n\n\n<p>Veja os principais itens do projeto do pacote anticrime aprovado no Congresso Nacional:<\/p>\n\n\n\n<p><strong>Penas maiores<\/strong>: As penas para diversos crimes, como homic\u00eddio com armas de fogo de uso restrito ou proibido, inj\u00faria em redes sociais, com\u00e9rcio ilegal de armas e tr\u00e1fico internacional de armas, aumentaram. O tempo m\u00e1ximo de pris\u00e3o no Brasil tamb\u00e9m passa de 30 para 40 anos.<\/p>\n\n\n\n<p><strong>Pris\u00e3o ap\u00f3s condena\u00e7\u00e3o pelo Tribunal do J\u00fari<\/strong>: Atualmente, um r\u00e9u pode recorrer em liberdade mesmo depois de condenado pelo Tribunal do J\u00fari. O pacote prev\u00ea que o condenado seja preso logo ap\u00f3s a condena\u00e7\u00e3o nos casos em que a pena estipulada seja de pelo menos 15 anos. A proposta inicial de Moro n\u00e3o previa esse tempo m\u00ednimo.<\/p>\n\n\n\n<p><strong>Condicional<\/strong>: Tornam-se mais r\u00edgidas as condi\u00e7\u00f5es para que um preso condenado seja posto em liberdade condicional. Somente os que tiverem comportamento considerado bom, e n\u00e3o satisfat\u00f3rio, como era antes, e sem falta grave nos 12 meses anteriores poder\u00e3o obter o benef\u00edcio.<\/p>\n\n\n\n<p><strong>Preso X advogado<\/strong>: Cai a necessidade da autoriza\u00e7\u00e3o do juiz para a grava\u00e7\u00e3o da conversa entre o advogado e seu cliente dentro de pres\u00eddios de seguran\u00e7a m\u00e1xima.<\/p>\n\n\n\n<p><strong>Progress\u00e3o de pena<\/strong>: Hoje \u00e9 necess\u00e1rio cumprimento de, no m\u00ednimo, um sexto da pena em regime fechado para requerer progress\u00e3o para os regimes de pris\u00e3o domiciliar ou semiaberta. A perman\u00eancia m\u00ednima exigida passa a ser entre 16% e 70%, a depender da gravidade do crime e dos antecedentes do preso. \u00c9 preciso cumprir no m\u00ednimo de 40% da pena, se r\u00e9u prim\u00e1rio, e de 60%, se reincidente. Condenados de organiza\u00e7\u00f5es criminosas ou mil\u00edcias deixam de ter direito \u00e0 progress\u00e3o de regime e \u00e0 liberdade condicional, desde que o v\u00ednculo seja comprovado.<\/p>\n\n\n\n<p><strong>Crimes hediondos<\/strong>: Os detentos condenados por crimes hediondos \u2013 quando h\u00e1 viol\u00eancia e grande potencial ofensivo \u2013 ter\u00e3o regras mais rigorosas para o cumprimento da pena, como restri\u00e7\u00e3o a sa\u00eddas tempor\u00e1rias e \u00e0 progress\u00e3o de regime. O projeto tamb\u00e9m aumenta o n\u00famero de crimes considerados hediondos, como roubo que resulta em les\u00e3o grave, furto com explosivo, homic\u00eddio cometido com arma de fogo de uso restrito.<\/p>\n\n\n\n<p><strong>Infiltrados<\/strong>: O texto apresenta as situa\u00e7\u00f5es em que provas podem ser obtidas por policiais disfar\u00e7ados e a valida\u00e7\u00e3o de flagrantes em opera\u00e7\u00f5es especiais com agentes infiltrados. Poder\u00e3o ser condenados, por exemplo, aqueles que venderem arma ou muni\u00e7\u00e3o a um agente policial disfar\u00e7ado, desde que haja indicativos de conduta criminal preexistente.<\/p>\n\n\n\n<p><strong>Pres\u00eddios federais<\/strong>: O tempo m\u00e1ximo de perman\u00eancia de l\u00edderes de fac\u00e7\u00f5es criminosas em pres\u00eddios federais passa de 360 dias para tr\u00eas anos, com possibilidade de renova\u00e7\u00e3o.<\/p>\n\n\n\n<p><strong>Assist\u00eancia ao policial<\/strong>: Policiais investigados por matar algu\u00e9m sem confronto ou leg\u00edtima defesa no exerc\u00edcio de suas fun\u00e7\u00f5es que n\u00e3o indicarem um advogado pessoal, e se n\u00e3o houver defensor p\u00fablico respons\u00e1vel, ter\u00e3o direito a um advogado pago pela corpora\u00e7\u00e3o. A regra tamb\u00e9m vale para militares em a\u00e7\u00f5es de Garantia da Lei e da Ordem (GLO).<\/p>\n\n\n\n<p><\/p>\n\n\n\n<p>EBC<\/p>\n","protected":false},"excerpt":{"rendered":"<p>O presidente Jair Bolsonaro afirmou hoje (12) que est\u00e1 disposto a vetar o aumento da pena por cal\u00fania, difama\u00e7\u00e3o e inj\u00faria divulgadas em redes sociais.&hellip; <\/p>\n","protected":false},"author":1,"featured_media":96311,"comment_status":"closed","ping_status":"closed","sticky":false,"template":"","format":"standard","meta":{"sfsi_plus_gutenberg_text_before_share":"","sfsi_plus_gutenberg_show_text_before_share":"","sfsi_plus_gutenberg_icon_type":"","sfsi_plus_gutenberg_icon_alignemt":"","sfsi_plus_gutenburg_max_per_row":"","footnotes":""},"categories":[11],"tags":[],"class_list":["post-140654","post","type-post","status-publish","format-standard","has-post-thumbnail","hentry","category-politica"],"_links":{"self":[{"href":"https:\/\/www.caririemacao.com\/1\/wp-json\/wp\/v2\/posts\/140654","targetHints":{"allow":["GET"]}}],"collection":[{"href":"https:\/\/www.caririemacao.com\/1\/wp-json\/wp\/v2\/posts"}],"about":[{"href":"https:\/\/www.caririemacao.com\/1\/wp-json\/wp\/v2\/types\/post"}],"author":[{"embeddable":true,"href":"https:\/\/www.caririemacao.com\/1\/wp-json\/wp\/v2\/users\/1"}],"replies":[{"embeddable":true,"href":"https:\/\/www.caririemacao.com\/1\/wp-json\/wp\/v2\/comments?post=140654"}],"version-history":[{"count":1,"href":"https:\/\/www.caririemacao.com\/1\/wp-json\/wp\/v2\/posts\/140654\/revisions"}],"predecessor-version":[{"id":140655,"href":"https:\/\/www.caririemacao.com\/1\/wp-json\/wp\/v2\/posts\/140654\/revisions\/140655"}],"wp:featuredmedia":[{"embeddable":true,"href":"https:\/\/www.caririemacao.com\/1\/wp-json\/wp\/v2\/media\/96311"}],"wp:attachment":[{"href":"https:\/\/www.caririemacao.com\/1\/wp-json\/wp\/v2\/media?parent=140654"}],"wp:term":[{"taxonomy":"category","embeddable":true,"href":"https:\/\/www.caririemacao.com\/1\/wp-json\/wp\/v2\/categories?post=140654"},{"taxonomy":"post_tag","embeddable":true,"href":"https:\/\/www.caririemacao.com\/1\/wp-json\/wp\/v2\/tags?post=140654"}],"curies":[{"name":"wp","href":"https:\/\/api.w.org\/{rel}","templated":true}]}}