{"id":140658,"date":"2019-12-13T08:27:36","date_gmt":"2019-12-13T11:27:36","guid":{"rendered":"http:\/\/www.caririemacao.com\/1\/?p=140658"},"modified":"2019-12-13T08:27:36","modified_gmt":"2019-12-13T11:27:36","slug":"alcolumbre-promulga-novas-regras-de-repasse-de-emendas-parlamentares","status":"publish","type":"post","link":"https:\/\/www.caririemacao.com\/1\/2019\/12\/13\/alcolumbre-promulga-novas-regras-de-repasse-de-emendas-parlamentares\/","title":{"rendered":"Alcolumbre promulga novas regras de repasse de emendas parlamentares"},"content":{"rendered":"\n<p>O presidente do Senado e do Congresso Nacional, Davi Alcolumbre, promulgou na tarde de hoje (12) a Emenda Constitucional 105 de 2019. A emenda surgiu da Proposta de Emenda \u00e0 Constitui\u00e7\u00e3o (PEC) 48\/2019,&nbsp;<a href=\"http:\/\/agenciabrasil.ebc.com.br\/politica\/noticia\/2019-12\/senado-aprova-transferencia-de-verbas-para-prefeitos-e-governadores\" target=\"_blank\" rel=\"noreferrer noopener\">aprovada ontem<\/a>&nbsp;(11). A emenda promulgada hoje permite a transfer\u00eancia direta de recursos de emendas parlamentares a estados, ao Distrito Federal e a munic\u00edpios sem vincula\u00e7\u00e3o a uma finalidade espec\u00edfica.<\/p>\n\n\n\n<p>Com a emenda, o parlamentar poder\u00e1 escolher se o dinheiro ser\u00e1 transferido com vincula\u00e7\u00e3o a um objeto espec\u00edfico ou para uso livre sob certas condi\u00e7\u00f5es. Antes disso, o munic\u00edpio ou estado precisavam fazer conv\u00eanios com bancos, geralmente a Caixa Econ\u00f4mica Federal, para executar os projetos. Esse procedimento prolongava o prazo de execu\u00e7\u00e3o e entrega de uma obra.<\/p>\n\n\n\n<p>A PEC, relatada pelo deputado A\u00e9cio Neves (PSDB-MG) na C\u00e2mara, foi proposta pela deputada Gleisi Hoffmann (PT-PR), quando ainda era senadora. A promulga\u00e7\u00e3o ocorreu em uma sess\u00e3o solene no plen\u00e1rio do Senado. O deputado tucano esteve na solenidade e afirmou que a medida facilitar\u00e1 que as verbas cheguem mais r\u00e1pido aos cidad\u00e3os, na forma de melhorias.<\/p>\n\n\n\n<p>\u201cOs parlamentares, representando os cidad\u00e3os dos seus estados, v\u00e3o definir qual ser\u00e1 a aloca\u00e7\u00e3o de parcela dos recursos p\u00fablicos. [\u2026] N\u00f3s acreditamos na Federa\u00e7\u00e3o e acreditamos nos homens p\u00fablicos. Acreditamos na pol\u00edtica\u201d, disse A\u00e9cio Neves. Ele afirmou que a emenda vai reduzir o tempo entre a libera\u00e7\u00e3o da verba e a chegada dela nos munic\u00edpios, algo que, segundo o parlamentar, leva cinco anos em m\u00e9dia.<\/p>\n\n\n\n<p>Essa emenda era um pleito dos prefeitos, que pediam menos burocracia no recebimento de recursos p\u00fablicos. Tanto representantes do governo quanto da oposi\u00e7\u00e3o apoiaram a aprova\u00e7\u00e3o da PEC. Para os gestores municipais, a medida ajuda na execu\u00e7\u00e3o mais r\u00e1pida de obras e outras melhorias. Por outro lado, o parlamentar poder\u00e1 mostrar a seus eleitores, ainda durante o exerc\u00edcio do mandato, o resultado dos seus esfor\u00e7os em obter verbas para a popula\u00e7\u00e3o do seu estado.<\/p>\n\n\n\n<p>O senador Nelsinho Trad (PSD-MS) negou que a aplica\u00e7\u00e3o do recurso n\u00e3o ser\u00e1 fiscalizada. \u201cN\u00e3o existe ningu\u00e9m mais fiscalizado que um prefeito. Tem a C\u00e2mara Municpial, o Ministerio P\u00fablico, o Tribunal de Contas e o controle social, que fazem a fiscaliza\u00e7\u00e3o da boa aplica\u00e7\u00e3o do recurso p\u00fablico\u201d, disse o senador. Para ele, houve \u201cuma sensibilidade aflorada\u201d do Congresso ao \u201coportunizar a desburocratiza\u00e7\u00e3o para aplica\u00e7\u00e3o dos recursos p\u00fablicos\u201d.<\/p>\n\n\n\n<p><\/p>\n\n\n\n<p>EBC<\/p>\n","protected":false},"excerpt":{"rendered":"<p>O presidente do Senado e do Congresso Nacional, Davi Alcolumbre, promulgou na tarde de hoje (12) a Emenda Constitucional 105 de 2019. A emenda surgiu&hellip; <\/p>\n","protected":false},"author":1,"featured_media":140659,"comment_status":"closed","ping_status":"closed","sticky":false,"template":"","format":"standard","meta":{"sfsi_plus_gutenberg_text_before_share":"","sfsi_plus_gutenberg_show_text_before_share":"","sfsi_plus_gutenberg_icon_type":"","sfsi_plus_gutenberg_icon_alignemt":"","sfsi_plus_gutenburg_max_per_row":"","footnotes":""},"categories":[11],"tags":[],"class_list":["post-140658","post","type-post","status-publish","format-standard","has-post-thumbnail","hentry","category-politica"],"_links":{"self":[{"href":"https:\/\/www.caririemacao.com\/1\/wp-json\/wp\/v2\/posts\/140658","targetHints":{"allow":["GET"]}}],"collection":[{"href":"https:\/\/www.caririemacao.com\/1\/wp-json\/wp\/v2\/posts"}],"about":[{"href":"https:\/\/www.caririemacao.com\/1\/wp-json\/wp\/v2\/types\/post"}],"author":[{"embeddable":true,"href":"https:\/\/www.caririemacao.com\/1\/wp-json\/wp\/v2\/users\/1"}],"replies":[{"embeddable":true,"href":"https:\/\/www.caririemacao.com\/1\/wp-json\/wp\/v2\/comments?post=140658"}],"version-history":[{"count":1,"href":"https:\/\/www.caririemacao.com\/1\/wp-json\/wp\/v2\/posts\/140658\/revisions"}],"predecessor-version":[{"id":140660,"href":"https:\/\/www.caririemacao.com\/1\/wp-json\/wp\/v2\/posts\/140658\/revisions\/140660"}],"wp:featuredmedia":[{"embeddable":true,"href":"https:\/\/www.caririemacao.com\/1\/wp-json\/wp\/v2\/media\/140659"}],"wp:attachment":[{"href":"https:\/\/www.caririemacao.com\/1\/wp-json\/wp\/v2\/media?parent=140658"}],"wp:term":[{"taxonomy":"category","embeddable":true,"href":"https:\/\/www.caririemacao.com\/1\/wp-json\/wp\/v2\/categories?post=140658"},{"taxonomy":"post_tag","embeddable":true,"href":"https:\/\/www.caririemacao.com\/1\/wp-json\/wp\/v2\/tags?post=140658"}],"curies":[{"name":"wp","href":"https:\/\/api.w.org\/{rel}","templated":true}]}}