{"id":140661,"date":"2019-12-13T08:32:54","date_gmt":"2019-12-13T11:32:54","guid":{"rendered":"http:\/\/www.caririemacao.com\/1\/?p=140661"},"modified":"2019-12-13T08:32:54","modified_gmt":"2019-12-13T11:32:54","slug":"prefeito-sandro-moco-anuncia-iluminacao-publica-com-lampadas-de-led-e-construcao-de-aterro-sanitario-para-o-lixo-do-municipio","status":"publish","type":"post","link":"https:\/\/www.caririemacao.com\/1\/2019\/12\/13\/prefeito-sandro-moco-anuncia-iluminacao-publica-com-lampadas-de-led-e-construcao-de-aterro-sanitario-para-o-lixo-do-municipio\/","title":{"rendered":"Prefeito Sandro M\u00f4co anuncia ilumina\u00e7\u00e3o p\u00fablica com l\u00e2mpadas de led e constru\u00e7\u00e3o de aterro sanit\u00e1rio para o lixo do munic\u00edpio"},"content":{"rendered":"\n<p>O prefeito de Camala\u00fa Sandro M\u00f4co esteve esta na semana participando de uma reuni\u00e3o bastante produtiva na sede da ENERGISA em Campina Grande, ao lado de Francislaine e R\u00f4mulo, tratando de assuntos de interesse do munic\u00edpio de Camala\u00fa.<\/p>\n\n\n\n<p><br>Na pauta do encontro,\u00a0\u00a0foi tratada a execu\u00e7\u00e3o do projeto de Efici\u00eancia Energ\u00e9tica onde o projeto da gest\u00e3o de Camala\u00fa foi aprovado e em breve a cidade ser\u00e1 contemplada fazendo a substitui\u00e7\u00e3o das atuais lumin\u00e1rias por l\u00e2mpadas de LED.<\/p>\n\n\n\n<p><br>SOLU\u00c7\u00c3O PARA O PROBLEMA DO LIXO<br>Ainda esta semana, o prefeito camalauense esteve em Jo\u00e3o Pessoa ao lado do Prefeito J\u00fanior Quirino em um audi\u00eancia com o Dr. Raniere Dantas, onde em parceria, os prefeitos est\u00e3o planejando e ser\u00e1 constru\u00eddo um aterro sanit\u00e1rio simplificado em que ser\u00e3o destinados os res\u00edduos s\u00f3lidos dos dois munic\u00edpios: Camala\u00fa e Congo. <\/p>\n\n\n\n<p>BLOG FABIO BRITO<\/p>\n","protected":false},"excerpt":{"rendered":"<p>O prefeito de Camala\u00fa Sandro M\u00f4co esteve esta na semana participando de uma reuni\u00e3o bastante produtiva na sede da ENERGISA em Campina Grande, ao lado&hellip; <\/p>\n","protected":false},"author":1,"featured_media":140662,"comment_status":"closed","ping_status":"closed","sticky":false,"template":"","format":"standard","meta":{"sfsi_plus_gutenberg_text_before_share":"","sfsi_plus_gutenberg_show_text_before_share":"","sfsi_plus_gutenberg_icon_type":"","sfsi_plus_gutenberg_icon_alignemt":"","sfsi_plus_gutenburg_max_per_row":"","footnotes":""},"categories":[6],"tags":[],"class_list":["post-140661","post","type-post","status-publish","format-standard","has-post-thumbnail","hentry","category-cidades"],"_links":{"self":[{"href":"https:\/\/www.caririemacao.com\/1\/wp-json\/wp\/v2\/posts\/140661","targetHints":{"allow":["GET"]}}],"collection":[{"href":"https:\/\/www.caririemacao.com\/1\/wp-json\/wp\/v2\/posts"}],"about":[{"href":"https:\/\/www.caririemacao.com\/1\/wp-json\/wp\/v2\/types\/post"}],"author":[{"embeddable":true,"href":"https:\/\/www.caririemacao.com\/1\/wp-json\/wp\/v2\/users\/1"}],"replies":[{"embeddable":true,"href":"https:\/\/www.caririemacao.com\/1\/wp-json\/wp\/v2\/comments?post=140661"}],"version-history":[{"count":1,"href":"https:\/\/www.caririemacao.com\/1\/wp-json\/wp\/v2\/posts\/140661\/revisions"}],"predecessor-version":[{"id":140663,"href":"https:\/\/www.caririemacao.com\/1\/wp-json\/wp\/v2\/posts\/140661\/revisions\/140663"}],"wp:featuredmedia":[{"embeddable":true,"href":"https:\/\/www.caririemacao.com\/1\/wp-json\/wp\/v2\/media\/140662"}],"wp:attachment":[{"href":"https:\/\/www.caririemacao.com\/1\/wp-json\/wp\/v2\/media?parent=140661"}],"wp:term":[{"taxonomy":"category","embeddable":true,"href":"https:\/\/www.caririemacao.com\/1\/wp-json\/wp\/v2\/categories?post=140661"},{"taxonomy":"post_tag","embeddable":true,"href":"https:\/\/www.caririemacao.com\/1\/wp-json\/wp\/v2\/tags?post=140661"}],"curies":[{"name":"wp","href":"https:\/\/api.w.org\/{rel}","templated":true}]}}