{"id":140667,"date":"2019-12-13T08:36:36","date_gmt":"2019-12-13T11:36:36","guid":{"rendered":"http:\/\/www.caririemacao.com\/1\/?p=140667"},"modified":"2019-12-13T08:36:36","modified_gmt":"2019-12-13T11:36:36","slug":"inep-divulga-resultado-da-prova-de-proficiencia-em-portugues","status":"publish","type":"post","link":"https:\/\/www.caririemacao.com\/1\/2019\/12\/13\/inep-divulga-resultado-da-prova-de-proficiencia-em-portugues\/","title":{"rendered":"Inep divulga resultado da prova de profici\u00eancia em portugu\u00eas"},"content":{"rendered":"\n<p>O Instituto Nacional de Estudos e Pesquisas Educacionais An\u00edsio Teixeira (Inep) divulgou o resultado do exame para obten\u00e7\u00e3o do Certificado de Profici\u00eancia em L\u00edngua Portuguesa para Estrangeiros (Celpe-Bras), edi\u00e7\u00e3o deste ano. A prova foi realizada entre os dias 16 e 19 de outubro.<\/p>\n\n\n\n<p>A portaria com respectivo n\u00edvel de profici\u00eancia obtido pelos candidatos est\u00e1 publicada no&nbsp;<a href=\"http:\/\/www.in.gov.br\/web\/dou\/-\/portaria-n-1.018-de-12-de-dezembro-de-2019-233219769\"><em>Di\u00e1rio Oficial da Uni\u00e3o<\/em><\/a>&nbsp;desta sexta-feira (13). A lista pode tamb\u00e9m ser consultada no&nbsp;<a href=\"http:\/\/celpebras.inep.gov.br\/celpebras\/#!\/index\" target=\"_blank\" rel=\"noreferrer noopener\">portal do Inep<\/a>&nbsp;na internet.<\/p>\n\n\n\n<p>O exame \u00e9 aplicado semestralmente no Brasil e no exterior pelo Inep, com apoio do Minist\u00e9rio da Educa\u00e7\u00e3o (MEC) e em parceria com o Minist\u00e9rio das Rela\u00e7\u00f5es Exteriores.<\/p>\n\n\n\n<p>Ele \u00e9 conferido em quatro n\u00edveis: intermedi\u00e1rio, intermedi\u00e1rio superior, avan\u00e7ado e avan\u00e7ado superior. O primeiro teste foi realizado em 1998<\/p>\n\n\n\n<p>As provas s\u00e3o realizadas em postos localizados em institui\u00e7\u00f5es de educa\u00e7\u00e3o superior, representa\u00e7\u00f5es diplom\u00e1ticas, miss\u00f5es consulares, centros e institutos culturais, e outras institui\u00e7\u00f5es interessadas na promo\u00e7\u00e3o e na difus\u00e3o da l\u00edngua portuguesa.<\/p>\n\n\n\n<p>De acordo com o Inep, o Celpe-Bras baseia-se na ideia de profici\u00eancia como uso adequado da l\u00edngua para desempenhar a\u00e7\u00f5es no mundo. \u201cO exame considera aspectos textuais e, principalmente, aspectos discursivos: contexto, prop\u00f3sito e interlocutores envolvidos na intera\u00e7\u00e3o\u201d.<\/p>\n\n\n\n<p>EBC<\/p>\n","protected":false},"excerpt":{"rendered":"<p>O Instituto Nacional de Estudos e Pesquisas Educacionais An\u00edsio Teixeira (Inep) divulgou o resultado do exame para obten\u00e7\u00e3o do Certificado de Profici\u00eancia em L\u00edngua Portuguesa&hellip; <\/p>\n","protected":false},"author":1,"featured_media":44530,"comment_status":"closed","ping_status":"closed","sticky":false,"template":"","format":"standard","meta":{"sfsi_plus_gutenberg_text_before_share":"","sfsi_plus_gutenberg_show_text_before_share":"","sfsi_plus_gutenberg_icon_type":"","sfsi_plus_gutenberg_icon_alignemt":"","sfsi_plus_gutenburg_max_per_row":"","footnotes":""},"categories":[14],"tags":[],"class_list":["post-140667","post","type-post","status-publish","format-standard","has-post-thumbnail","hentry","category-educacao"],"_links":{"self":[{"href":"https:\/\/www.caririemacao.com\/1\/wp-json\/wp\/v2\/posts\/140667","targetHints":{"allow":["GET"]}}],"collection":[{"href":"https:\/\/www.caririemacao.com\/1\/wp-json\/wp\/v2\/posts"}],"about":[{"href":"https:\/\/www.caririemacao.com\/1\/wp-json\/wp\/v2\/types\/post"}],"author":[{"embeddable":true,"href":"https:\/\/www.caririemacao.com\/1\/wp-json\/wp\/v2\/users\/1"}],"replies":[{"embeddable":true,"href":"https:\/\/www.caririemacao.com\/1\/wp-json\/wp\/v2\/comments?post=140667"}],"version-history":[{"count":1,"href":"https:\/\/www.caririemacao.com\/1\/wp-json\/wp\/v2\/posts\/140667\/revisions"}],"predecessor-version":[{"id":140668,"href":"https:\/\/www.caririemacao.com\/1\/wp-json\/wp\/v2\/posts\/140667\/revisions\/140668"}],"wp:featuredmedia":[{"embeddable":true,"href":"https:\/\/www.caririemacao.com\/1\/wp-json\/wp\/v2\/media\/44530"}],"wp:attachment":[{"href":"https:\/\/www.caririemacao.com\/1\/wp-json\/wp\/v2\/media?parent=140667"}],"wp:term":[{"taxonomy":"category","embeddable":true,"href":"https:\/\/www.caririemacao.com\/1\/wp-json\/wp\/v2\/categories?post=140667"},{"taxonomy":"post_tag","embeddable":true,"href":"https:\/\/www.caririemacao.com\/1\/wp-json\/wp\/v2\/tags?post=140667"}],"curies":[{"name":"wp","href":"https:\/\/api.w.org\/{rel}","templated":true}]}}