{"id":140670,"date":"2019-12-13T08:37:48","date_gmt":"2019-12-13T11:37:48","guid":{"rendered":"http:\/\/www.caririemacao.com\/1\/?p=140670"},"modified":"2019-12-13T08:37:48","modified_gmt":"2019-12-13T11:37:48","slug":"governo-quer-mais-pesquisa-em-mineracao-e-energia","status":"publish","type":"post","link":"https:\/\/www.caririemacao.com\/1\/2019\/12\/13\/governo-quer-mais-pesquisa-em-mineracao-e-energia\/","title":{"rendered":"Governo quer mais pesquisa em minera\u00e7\u00e3o e energia"},"content":{"rendered":"\n<p>Os minist\u00e9rios de Minas e Energia (MME) e da Ci\u00eancia, Tecnologia, Inova\u00e7\u00f5es e Comunica\u00e7\u00f5es (MCTIC) preparam estrat\u00e9gias integradas para estimular a pesquisa e o desenvolvimento de tecnologias para minera\u00e7\u00e3o, energia el\u00e9trica e produ\u00e7\u00e3o de petr\u00f3leo, g\u00e1s e biocombust\u00edvel.<\/p>\n\n\n\n<p>Os ministros titulares das pastas, Bento Albuquerque (MME) e Marcos Cesar Pontes (MCTIC), assinaram&nbsp;nesta quinta-feira&nbsp;(12), em Bras\u00edlia, portaria conjunta criando um grupo de trabalho interministerial que, nos pr\u00f3ximos 45 dias, dever\u00e1 elaborar plano e propor medidas administrativas e legais para viabilizar a aproxima\u00e7\u00e3o entre os setores de minera\u00e7\u00e3o e de energia dos centros de pesquisa.<\/p>\n\n\n\n<p>\u201cO MCTIC sabe onde est\u00e3o os melhores laborat\u00f3rios, os melhores centros de pesquisa para esse desenvolvimento\u201d, afirmou Bento Albuquerque ao falar sobre a parceria. \u201cEstamos no minist\u00e9rio que sabe muito bem todo o potencial que o pa\u00eds tem de transformar toda riqueza natural em bens e qualidade de vida\u201d, acrescentou Marcos Pontes.<\/p>\n\n\n\n<p>De acordo com Albuquerque, h\u00e1 recursos para incrementar as pesquisas nos setores de minera\u00e7\u00e3o e energia. \u201cFalta de recursos n\u00e3o h\u00e1, o que falta \u00e9 governan\u00e7a. Existem recursos e est\u00e3o dispersos, s\u00e3o dissociados dos resultados que eles poderiam proporcionar e, muitas vezes, n\u00e3o s\u00e3o aplicados. Ficam aguardando os projetos serem viabilizados.\u201d<\/p>\n\n\n\n<p>Durante a cerim\u00f4nia de assinatura da portaria, Albuquerque enfatizou que as ag\u00eancias reguladoras disp\u00f5em de recursos para pesquisa, arrecadados juntos \u00e0s empresas, e que n\u00e3o est\u00e3o sendo utilizados. S\u00f3 no caso da Ag\u00eancia Nacional do Petr\u00f3leo, dos R$ 16 bilh\u00f5es dispon\u00edveis, s\u00f3 apenas R$ 6 bilh\u00f5es foram gastos.<\/p>\n\n\n\n<p>O objetivo do ministro \u00e9 sofisticar as cadeias produtivas e agregar valor, por exemplo, na transforma\u00e7\u00e3o de&nbsp;<em>commodities<\/em>&nbsp;(produtos prim\u00e1rios negociados em mercados internacionais) minerais. \u201cN\u00f3s somos exportadores de&nbsp;<em>commodities&nbsp;<\/em>e n\u00e3o conseguimos agregar valor. Isso s\u00f3 ser\u00e1 feito pela ci\u00eancia e tecnologia\u201d, afirmou.<\/p>\n","protected":false},"excerpt":{"rendered":"<p>Os minist\u00e9rios de Minas e Energia (MME) e da Ci\u00eancia, Tecnologia, Inova\u00e7\u00f5es e Comunica\u00e7\u00f5es (MCTIC) preparam estrat\u00e9gias integradas para estimular a pesquisa e o desenvolvimento&hellip; <\/p>\n","protected":false},"author":1,"featured_media":140671,"comment_status":"closed","ping_status":"closed","sticky":false,"template":"","format":"standard","meta":{"sfsi_plus_gutenberg_text_before_share":"","sfsi_plus_gutenberg_show_text_before_share":"","sfsi_plus_gutenberg_icon_type":"","sfsi_plus_gutenberg_icon_alignemt":"","sfsi_plus_gutenburg_max_per_row":"","footnotes":""},"categories":[11],"tags":[],"class_list":["post-140670","post","type-post","status-publish","format-standard","has-post-thumbnail","hentry","category-politica"],"_links":{"self":[{"href":"https:\/\/www.caririemacao.com\/1\/wp-json\/wp\/v2\/posts\/140670","targetHints":{"allow":["GET"]}}],"collection":[{"href":"https:\/\/www.caririemacao.com\/1\/wp-json\/wp\/v2\/posts"}],"about":[{"href":"https:\/\/www.caririemacao.com\/1\/wp-json\/wp\/v2\/types\/post"}],"author":[{"embeddable":true,"href":"https:\/\/www.caririemacao.com\/1\/wp-json\/wp\/v2\/users\/1"}],"replies":[{"embeddable":true,"href":"https:\/\/www.caririemacao.com\/1\/wp-json\/wp\/v2\/comments?post=140670"}],"version-history":[{"count":1,"href":"https:\/\/www.caririemacao.com\/1\/wp-json\/wp\/v2\/posts\/140670\/revisions"}],"predecessor-version":[{"id":140672,"href":"https:\/\/www.caririemacao.com\/1\/wp-json\/wp\/v2\/posts\/140670\/revisions\/140672"}],"wp:featuredmedia":[{"embeddable":true,"href":"https:\/\/www.caririemacao.com\/1\/wp-json\/wp\/v2\/media\/140671"}],"wp:attachment":[{"href":"https:\/\/www.caririemacao.com\/1\/wp-json\/wp\/v2\/media?parent=140670"}],"wp:term":[{"taxonomy":"category","embeddable":true,"href":"https:\/\/www.caririemacao.com\/1\/wp-json\/wp\/v2\/categories?post=140670"},{"taxonomy":"post_tag","embeddable":true,"href":"https:\/\/www.caririemacao.com\/1\/wp-json\/wp\/v2\/tags?post=140670"}],"curies":[{"name":"wp","href":"https:\/\/api.w.org\/{rel}","templated":true}]}}