{"id":140674,"date":"2019-12-13T08:38:46","date_gmt":"2019-12-13T11:38:46","guid":{"rendered":"http:\/\/www.caririemacao.com\/1\/?p=140674"},"modified":"2019-12-13T08:38:46","modified_gmt":"2019-12-13T11:38:46","slug":"nova-pbprev-socialistas-se-acostam-a-oposicao-e-endurecem-criticas-a-joao","status":"publish","type":"post","link":"https:\/\/www.caririemacao.com\/1\/2019\/12\/13\/nova-pbprev-socialistas-se-acostam-a-oposicao-e-endurecem-criticas-a-joao\/","title":{"rendered":"Nova PBPrev: socialistas se acostam a oposi\u00e7\u00e3o e endurecem cr\u00edticas a Jo\u00e3o"},"content":{"rendered":"\n<p>O governador Jo\u00e3o Azev\u00eado (sem partido) n\u00e3o enfrenta apenas a resist\u00eancia da oposi\u00e7\u00e3o acerca da mat\u00e9ria da&nbsp;<a href=\"https:\/\/www.maispb.com.br\/430949\/governo-do-estado-elabora-pec-que-altera-regime-previdenciario-na-pb.html\"><strong>nova PBPrev<\/strong><\/a>, enviada \u00e0 Assembleia Legislativa da Para\u00edba (ALPB), atrav\u00e9s de um Projeto de Lei Complementar.<\/p>\n\n\n\n<p>A deputada Cida Ramos, do PSB, ex-partido de Jo\u00e3o, mostrou que o gestor j\u00e1 enfrenta uma oposi\u00e7\u00e3o at\u00e9 mais ferrenha do que a atual. Ao&nbsp;<strong>Hora H<\/strong>, da&nbsp;<strong>Rede Mais<\/strong>, disse que votar\u00e1 contra a reforma.<\/p>\n\n\n\n<p>\u201cN\u00e3o posso aceitar que uma reforma passe sem discuss\u00e3o, sem que as pessoas apresentem dados, sem que tenha audi\u00eancias p\u00fablicas, uma reforma que coloca uma al\u00edquota de 14%, n\u00e3o tem regras de transi\u00e7\u00e3o, prejudicando pensionistas, a minha posi\u00e7\u00e3o \u00e9 pelo voto contr\u00e1rio \u00e0 reforma que foi apresentada\u201d, afirmou a parlamentar, que cobra di\u00e1logo do governador Jo\u00e3o Azev\u00eado.<\/p>\n\n\n\n<p>\u201cEssa \u00e9 uma coisa que precisa ter discuss\u00e3o, n\u00e3o pode ser de baixo pra cima, precisamos ouvir as pessoas, a PBPrev, precisamos ouvir os secret\u00e1rios, precisamos o ouvir o governo\u201d, acrescentou.<\/p>\n\n\n\n<p>A deputada Estela Bezerra, tamb\u00e9m do PSB, diz que ter\u00e1 a mesma posi\u00e7\u00e3o que teve quando a reforma da Previd\u00eancia foi discutida no Congresso. Ou seja, contra.<\/p>\n\n\n\n<p>\u201cA minha posi\u00e7\u00e3o \u00e9 em defesa dos direitos previdenci\u00e1rios. A posi\u00e7\u00e3o que eu tive nacionalmente, eu tenho localmente. N\u00e3o posso ser incoerente\u201d, afirmou Bezerra ao&nbsp;<strong>MaisPB<\/strong>.<\/p>\n\n\n\n<p>A proposta do governo do Estado traz aumento da al\u00edquota de 11% para 14% aos servidores. O texto \u00e9 reflexo da reforma da Previd\u00eancia promulgada pelo Congresso, em novembro.<\/p>\n\n\n\n<p>Se a adequa\u00e7\u00e3o n\u00e3o for aprovada, o estado fica sem o certificado de regularidade previdenci\u00e1ria e n\u00e3o receber\u00e1 recursos da Uni\u00e3o.<\/p>\n\n\n\n<p><strong>MaisPB<\/strong><\/p>\n","protected":false},"excerpt":{"rendered":"<p>O governador Jo\u00e3o Azev\u00eado (sem partido) n\u00e3o enfrenta apenas a resist\u00eancia da oposi\u00e7\u00e3o acerca da mat\u00e9ria da&nbsp;nova PBPrev, enviada \u00e0 Assembleia Legislativa da Para\u00edba (ALPB),&hellip; <\/p>\n","protected":false},"author":1,"featured_media":140675,"comment_status":"closed","ping_status":"closed","sticky":false,"template":"","format":"standard","meta":{"sfsi_plus_gutenberg_text_before_share":"","sfsi_plus_gutenberg_show_text_before_share":"","sfsi_plus_gutenberg_icon_type":"","sfsi_plus_gutenberg_icon_alignemt":"","sfsi_plus_gutenburg_max_per_row":"","footnotes":""},"categories":[11],"tags":[],"class_list":["post-140674","post","type-post","status-publish","format-standard","has-post-thumbnail","hentry","category-politica"],"_links":{"self":[{"href":"https:\/\/www.caririemacao.com\/1\/wp-json\/wp\/v2\/posts\/140674","targetHints":{"allow":["GET"]}}],"collection":[{"href":"https:\/\/www.caririemacao.com\/1\/wp-json\/wp\/v2\/posts"}],"about":[{"href":"https:\/\/www.caririemacao.com\/1\/wp-json\/wp\/v2\/types\/post"}],"author":[{"embeddable":true,"href":"https:\/\/www.caririemacao.com\/1\/wp-json\/wp\/v2\/users\/1"}],"replies":[{"embeddable":true,"href":"https:\/\/www.caririemacao.com\/1\/wp-json\/wp\/v2\/comments?post=140674"}],"version-history":[{"count":1,"href":"https:\/\/www.caririemacao.com\/1\/wp-json\/wp\/v2\/posts\/140674\/revisions"}],"predecessor-version":[{"id":140676,"href":"https:\/\/www.caririemacao.com\/1\/wp-json\/wp\/v2\/posts\/140674\/revisions\/140676"}],"wp:featuredmedia":[{"embeddable":true,"href":"https:\/\/www.caririemacao.com\/1\/wp-json\/wp\/v2\/media\/140675"}],"wp:attachment":[{"href":"https:\/\/www.caririemacao.com\/1\/wp-json\/wp\/v2\/media?parent=140674"}],"wp:term":[{"taxonomy":"category","embeddable":true,"href":"https:\/\/www.caririemacao.com\/1\/wp-json\/wp\/v2\/categories?post=140674"},{"taxonomy":"post_tag","embeddable":true,"href":"https:\/\/www.caririemacao.com\/1\/wp-json\/wp\/v2\/tags?post=140674"}],"curies":[{"name":"wp","href":"https:\/\/api.w.org\/{rel}","templated":true}]}}