{"id":140713,"date":"2019-12-13T09:23:56","date_gmt":"2019-12-13T12:23:56","guid":{"rendered":"http:\/\/www.caririemacao.com\/1\/?p=140713"},"modified":"2019-12-13T09:23:56","modified_gmt":"2019-12-13T12:23:56","slug":"saude-bolsonaro-removeu-lesoes-do-rosto-e-da-orelha-para-analise","status":"publish","type":"post","link":"https:\/\/www.caririemacao.com\/1\/2019\/12\/13\/saude-bolsonaro-removeu-lesoes-do-rosto-e-da-orelha-para-analise\/","title":{"rendered":"Sa\u00fade: Bolsonaro removeu les\u00f5es do rosto e da orelha para an\u00e1lise"},"content":{"rendered":"\n<p>Um dia ap\u00f3s Jair Bosonaro dizer que tem a possibilidade de ter c\u00e2ncer de pele, o Pal\u00e1cio do Planalto informou que o presidente teve les\u00f5es removidas e submetidas a exames.<\/p>\n\n\n\n<p>\u201cForam realizados alguns procedimentos como retirada de les\u00e3o verrucosa na face e na orelha, al\u00e9m de crioterapia em les\u00f5es no t\u00f3rax e no antebra\u00e7o, provocadas pelo excesso de exposi\u00e7\u00e3o solar. O material segue para an\u00e1lise laboratorial, como \u00e9 de rotina\u201d, diz a nota divulgada pela Secom (Secretaria de Comunica\u00e7\u00e3o Especial) no in\u00edcio da tarde desta quinta-feira (12).<\/p>\n\n\n\n<p>De acordo com o Planalto, a consulta dermatol\u00f3gica, realizada na tarde de quarta-feira (11), estava agendada previamente \u201ccom o objetivo de reavalia\u00e7\u00e3o de atendimento feito seis meses atr\u00e1s\u201d.<\/p>\n\n\n\n<p>O m\u00e9dico especialista, de acordo com a Secom, recomendou avalia\u00e7\u00e3o semestral do presidente \u201cem face do excesso de exposi\u00e7\u00e3o solar pr\u00e9via, o que j\u00e1 est\u00e1 sendo seguido\u201d. Em nenhum momento a nota faz qualquer men\u00e7\u00e3o direta sobre a possibilidade de o presidente ter um c\u00e2ncer de pele.<\/p>\n\n\n\n<p>Bolsonaro passou a manh\u00e3 desta quinta no Pal\u00e1cio da Alvorada, sem agenda oficial. No in\u00edcio da tarde embarcou para Palmas, no Tocatins, para um evento da Caixa Econ\u00f4mica Federal.<\/p>\n\n\n\n<p>Ao deixar o Alvorada, n\u00e3o quis dar declara\u00e7\u00f5es e ironizou declara\u00e7\u00e3o feita por ele mesmo na v\u00e9spera sobre um poss\u00edvel c\u00e2ncer. \u201cPessoal, como estou com c\u00e2ncer eu n\u00e3o vou poder atender voc\u00eas, t\u00e1 ok?\u201d<\/p>\n\n\n\n<p>Bolsonaro realizou consulta m\u00e9dica e exames na tarde de quarta no Hospital da For\u00e7a A\u00e9rea Brasileira, em Bras\u00edlia. A visita m\u00e9dica n\u00e3o foi informada inicialmente pela assessoria de imprensa do Planalto e n\u00e3o constava o compromisso na agenda oficial do presidente.<\/p>\n\n\n\n<p>Ao chegar ao Alvorada, poucos minutos depois de deixar o hospital, Bolsonaro falou em suspeita de c\u00e2ncer. \u201cEu tenho pele clara, pesquei muito na minha vida, gosto de muito de atividade, ent\u00e3o a possibilidade de c\u00e2ncer de pele existe\u201d, disse Bolsonaro ao entrar no Pal\u00e1cio da Alvorada.<\/p>\n\n\n\n<p>Bolsonaro chegou ao Alvorada com um curativo na orelha esquerda. Questionado sobre o tema, disse que havia a possibilidade de um c\u00e2ncer e de que est\u00e3o fazendo uma checagem. Ele tamb\u00e9m informou que cancelou uma viagem a Salvador (BA) na quarta por estafa.<\/p>\n\n\n\n<p>\u201cN\u00e3o sei se v\u00e3o fazer bi\u00f3psia, me cutucaram, furaram, deram anestesia. Eu dormi. Eu tava t\u00e3o cansado que eu deitei na maca e dormi\u201d, disse na noite de quarta.<\/p>\n\n\n\n<p>\u201cTem poss\u00edvel c\u00e2ncer de pele. Fizeram uma checagem em mim. Inclusive n\u00e3o \u00e9 eu que pe\u00e7o, muitas vezes eles que me convocam e eu vou pra l\u00e1. Eu n\u00e3o sou dono mais de mim em muitas quest\u00f5es. Uma coisa que to abusando \u00e9 as sa\u00eddas por a\u00ed. Outro dia comi pastel na feira do Paraguai e tava gostoso\u201d, disse, em refer\u00eancia a sa\u00eddas fora da agenda.<\/p>\n\n\n\n<p>O presidente deixou o Hospital da For\u00e7a A\u00e9rea Brasileira, a 20 km do Pal\u00e1cio do Planalto, \u00e0s 17h25 ap\u00f3s a realiza\u00e7\u00e3o de um exame. \u00c0s 17h35, a Secom divulgou uma nota afirmando que Bolsonaro foi para uma consulta programada e confirmou que ele havia sido submetido a procedimentos, mas sem dar detalhes.<\/p>\n\n\n\n<p>\u201cO presidente Jair Bolsonaro foi ao Hospital da For\u00e7a A\u00e9rea Brasileira (HFAB), nesta tarde, para consulta de rotina j\u00e1 programada, com a realiza\u00e7\u00e3o de exames tamb\u00e9m de rotina. O presidente apresenta boas condi\u00e7\u00f5es de sa\u00fade, sem ressalvas. Agora, o presidente segue para o Alvorada\u201d, dizia o texto.<\/p>\n\n\n\n<p>\u00c0s 17h47 ele chegou ao Pal\u00e1cio da Alvorada e deu outra vers\u00e3o: disse que foi submetido a um exame para averiguar a possibilidade de um c\u00e2ncer de pele.<\/p>\n\n\n\n<p>Ap\u00f3s as declara\u00e7\u00f5es do presidente, a reportagem questionou a assessoria de imprensa sobre o estado de sa\u00fade de Bolsonaro e a previs\u00e3o de divulga\u00e7\u00e3o dos resultados dos exames.<\/p>\n\n\n\n<p>\u201cO presidente apresenta boas condi\u00e7\u00f5es de sa\u00fade. Demais informa\u00e7\u00f5es sobre o estado de sa\u00fade do presidente ser\u00e3o transmitidas no momento oportuno\u201d, informou a Secom na noite de quarta. Questionado, o Planalto n\u00e3o respondeu sobre a previs\u00e3o de que os exames tenham o resultado divulgado.<\/p>\n","protected":false},"excerpt":{"rendered":"<p>Um dia ap\u00f3s Jair Bosonaro dizer que tem a possibilidade de ter c\u00e2ncer de pele, o Pal\u00e1cio do Planalto informou que o presidente teve les\u00f5es&hellip; <\/p>\n","protected":false},"author":1,"featured_media":108496,"comment_status":"closed","ping_status":"closed","sticky":false,"template":"","format":"standard","meta":{"sfsi_plus_gutenberg_text_before_share":"","sfsi_plus_gutenberg_show_text_before_share":"","sfsi_plus_gutenberg_icon_type":"","sfsi_plus_gutenberg_icon_alignemt":"","sfsi_plus_gutenburg_max_per_row":"","footnotes":""},"categories":[11],"tags":[],"class_list":["post-140713","post","type-post","status-publish","format-standard","has-post-thumbnail","hentry","category-politica"],"_links":{"self":[{"href":"https:\/\/www.caririemacao.com\/1\/wp-json\/wp\/v2\/posts\/140713","targetHints":{"allow":["GET"]}}],"collection":[{"href":"https:\/\/www.caririemacao.com\/1\/wp-json\/wp\/v2\/posts"}],"about":[{"href":"https:\/\/www.caririemacao.com\/1\/wp-json\/wp\/v2\/types\/post"}],"author":[{"embeddable":true,"href":"https:\/\/www.caririemacao.com\/1\/wp-json\/wp\/v2\/users\/1"}],"replies":[{"embeddable":true,"href":"https:\/\/www.caririemacao.com\/1\/wp-json\/wp\/v2\/comments?post=140713"}],"version-history":[{"count":1,"href":"https:\/\/www.caririemacao.com\/1\/wp-json\/wp\/v2\/posts\/140713\/revisions"}],"predecessor-version":[{"id":140714,"href":"https:\/\/www.caririemacao.com\/1\/wp-json\/wp\/v2\/posts\/140713\/revisions\/140714"}],"wp:featuredmedia":[{"embeddable":true,"href":"https:\/\/www.caririemacao.com\/1\/wp-json\/wp\/v2\/media\/108496"}],"wp:attachment":[{"href":"https:\/\/www.caririemacao.com\/1\/wp-json\/wp\/v2\/media?parent=140713"}],"wp:term":[{"taxonomy":"category","embeddable":true,"href":"https:\/\/www.caririemacao.com\/1\/wp-json\/wp\/v2\/categories?post=140713"},{"taxonomy":"post_tag","embeddable":true,"href":"https:\/\/www.caririemacao.com\/1\/wp-json\/wp\/v2\/tags?post=140713"}],"curies":[{"name":"wp","href":"https:\/\/api.w.org\/{rel}","templated":true}]}}