{"id":140716,"date":"2019-12-13T09:25:58","date_gmt":"2019-12-13T12:25:58","guid":{"rendered":"http:\/\/www.caririemacao.com\/1\/?p=140716"},"modified":"2019-12-13T09:25:58","modified_gmt":"2019-12-13T12:25:58","slug":"recado-de-bolsonaro-ministro-pego-em-corrupcao-vai-para-o-pau-de-arara","status":"publish","type":"post","link":"https:\/\/www.caririemacao.com\/1\/2019\/12\/13\/recado-de-bolsonaro-ministro-pego-em-corrupcao-vai-para-o-pau-de-arara\/","title":{"rendered":"Recado de Bolsonaro: ministro pego em corrup\u00e7\u00e3o vai para o \u00b4pau de arara\u00b4"},"content":{"rendered":"\n<p>Em um discurso a uma plateia de prefeitos, o presidente Jair Bolsonaro afirmou nesta quinta-feira (12) que colocar\u00e1 em um \u201cpau de arara\u201d o integrante de sua equipe ministerial que se envolver em epis\u00f3dios de corrup\u00e7\u00e3o durante o seu mandato.<\/p>\n\n\n\n<p>Na cerim\u00f4nia de an\u00fancio de cr\u00e9dito para a execu\u00e7\u00e3o de obras estaduais, ele reconheceu, no entanto, que \u00e9 poss\u00edvel que irregularidades sejam cometidas no governo federal sem que ele tenha conhecimento, mas ressaltou que epis\u00f3dios descobertos n\u00e3o ser\u00e3o admitidos.<\/p>\n\n\n\n<p>\u201cSe aparecer [corrup\u00e7\u00e3o], boto no pau de arara o ministro. Se ele tiver responsabilidade, obviamente. Porque, \u00e0s vezes, l\u00e1 na ponta da linha, est\u00e1 um assessor fazendo besteira sem a gente saber. N\u00e3o \u00e9 isso? \u00c9 obriga\u00e7\u00e3o nossa, \u00e9 dever\u201d, disse.<\/p>\n\n\n\n<p>A express\u00e3o \u201cpau de arara\u201d \u00e9 empregada para descrever um instrumento de tortura utilizado contra aqueles que eram considerados inimigos da ditadura militar brasileira, per\u00edodo da hist\u00f3ria do qual o presidente j\u00e1 se disse admirador.<\/p>\n\n\n\n<p>Em outubro, o Minist\u00e9rio P\u00fablico de Minas Gerais denunciou o ministro do Turismo, Marcelo \u00c1lvaro Ant\u00f4nio, sob acusa\u00e7\u00e3o de envolvimento no esquema de candidaturas laranjas do PSL, caso revelado pelo jornal Folha de S.Paulo.<\/p>\n\n\n\n<p>Em depoimento \u00e0 Pol\u00edcia Federal, Haissander Souza de Paula, assessor parlamentar do ministro \u00e0 \u00e9poca, disse que acha que parte dos valores depositados para as campanhas femininas da sigla, na verdade, foi usada para pagar material de campanha de \u00c1lvaro Ant\u00f4nio e de Bolsonaro.<\/p>\n\n\n\n<p>Em novembro, o Minist\u00e9rio P\u00fablico do Rio de Janeiro abriu um terceiro inqu\u00e9rito para investigar den\u00fancias de irregularidades no gabinete de Fl\u00e1vio Bolsonaro, quando o hoje senador era deputado estadual do Rio de Janeiro.<br>O objetivo \u00e9 apurar eventual improbidade administrativa decorrente do emprego de assessores fantasmas, ou seja, pessoas investidas em cargo em comiss\u00e3o junto ao gabinete do filho do presidente que n\u00e3o teriam exercido fun\u00e7\u00f5es inerentes \u00e0 atividade parlamentar.<\/p>\n\n\n\n<p>J\u00e1 existe um inqu\u00e9rito civil no Minist\u00e9rio P\u00fablico para investigar uma eventual pr\u00e1tica de improbidade administrativa no gabinete de Fl\u00e1vio \u2013mas, nesse caso, sobre a devolu\u00e7\u00e3o de parte dos sal\u00e1rios de funcion\u00e1rios ao gabinete, ato conhecido como \u201crachadinha\u201d.<\/p>\n\n\n\n<p>No discurso desta quinta-feira (12), feito na sede do governo tocantinense, o presidente disse que, em sua opini\u00e3o, a imagem do pa\u00eds associada a epis\u00f3dios de corrup\u00e7\u00e3o tem mudado no exterior e ressaltou que, atualmente, o mundo est\u00e1 vendo o Brasil diferente.<\/p>\n\n\n\n<p>\u201cEu creio que muitos votaram em mim porque eu era o diferente entre os candidatos presidenciais\u201d, disse.<\/p>\n\n\n\n<p><\/p>\n\n\n\n<p>FOLHA PRESS<\/p>\n","protected":false},"excerpt":{"rendered":"<p>Em um discurso a uma plateia de prefeitos, o presidente Jair Bolsonaro afirmou nesta quinta-feira (12) que colocar\u00e1 em um \u201cpau de arara\u201d o integrante&hellip; <\/p>\n","protected":false},"author":1,"featured_media":73087,"comment_status":"closed","ping_status":"closed","sticky":false,"template":"","format":"standard","meta":{"sfsi_plus_gutenberg_text_before_share":"","sfsi_plus_gutenberg_show_text_before_share":"","sfsi_plus_gutenberg_icon_type":"","sfsi_plus_gutenberg_icon_alignemt":"","sfsi_plus_gutenburg_max_per_row":"","footnotes":""},"categories":[11],"tags":[],"class_list":["post-140716","post","type-post","status-publish","format-standard","has-post-thumbnail","hentry","category-politica"],"_links":{"self":[{"href":"https:\/\/www.caririemacao.com\/1\/wp-json\/wp\/v2\/posts\/140716","targetHints":{"allow":["GET"]}}],"collection":[{"href":"https:\/\/www.caririemacao.com\/1\/wp-json\/wp\/v2\/posts"}],"about":[{"href":"https:\/\/www.caririemacao.com\/1\/wp-json\/wp\/v2\/types\/post"}],"author":[{"embeddable":true,"href":"https:\/\/www.caririemacao.com\/1\/wp-json\/wp\/v2\/users\/1"}],"replies":[{"embeddable":true,"href":"https:\/\/www.caririemacao.com\/1\/wp-json\/wp\/v2\/comments?post=140716"}],"version-history":[{"count":1,"href":"https:\/\/www.caririemacao.com\/1\/wp-json\/wp\/v2\/posts\/140716\/revisions"}],"predecessor-version":[{"id":140717,"href":"https:\/\/www.caririemacao.com\/1\/wp-json\/wp\/v2\/posts\/140716\/revisions\/140717"}],"wp:featuredmedia":[{"embeddable":true,"href":"https:\/\/www.caririemacao.com\/1\/wp-json\/wp\/v2\/media\/73087"}],"wp:attachment":[{"href":"https:\/\/www.caririemacao.com\/1\/wp-json\/wp\/v2\/media?parent=140716"}],"wp:term":[{"taxonomy":"category","embeddable":true,"href":"https:\/\/www.caririemacao.com\/1\/wp-json\/wp\/v2\/categories?post=140716"},{"taxonomy":"post_tag","embeddable":true,"href":"https:\/\/www.caririemacao.com\/1\/wp-json\/wp\/v2\/tags?post=140716"}],"curies":[{"name":"wp","href":"https:\/\/api.w.org\/{rel}","templated":true}]}}