{"id":140724,"date":"2019-12-13T09:31:02","date_gmt":"2019-12-13T12:31:02","guid":{"rendered":"http:\/\/www.caririemacao.com\/1\/?p=140724"},"modified":"2019-12-13T09:31:02","modified_gmt":"2019-12-13T12:31:02","slug":"equipes-das-secretarias-de-educacao-saude-e-infraestrutura-de-monteiro-participam-de-reuniao-com-mp","status":"publish","type":"post","link":"https:\/\/www.caririemacao.com\/1\/2019\/12\/13\/equipes-das-secretarias-de-educacao-saude-e-infraestrutura-de-monteiro-participam-de-reuniao-com-mp\/","title":{"rendered":"Equipes das secretarias de Educa\u00e7\u00e3o, Sa\u00fade e Infraestrutura de Monteiro participam de reuni\u00e3o com MP"},"content":{"rendered":"\n<p>Os monteirenses est\u00e3o prestes a receber uma das maiores campanhas relacionadas ao meio ambiente. As articula\u00e7\u00f5es para a a\u00e7\u00e3o atrav\u00e9s da Prefeitura de Monteiro v\u00eam se desenrolando desde o m\u00eas de outubro e tem total apoio do Minist\u00e9rio P\u00fablico Estadual.<\/p>\n\n\n\n<p>Na manh\u00e3 desta ter\u00e7a-feira, 10, os profissionais lotados nas secretarias de &nbsp;Educa\u00e7\u00e3o, Sa\u00fade atrav\u00e9s da Vigil\u00e2ncia em Sa\u00fade com Agentes Comunit\u00e1rios de Sa\u00fade e de Endemias, al\u00e9m da equipe da Infraestrutura se uniram aos presidentes de Associa\u00e7\u00f5es Rurais para receber orienta\u00e7\u00f5es e tirar d\u00favidas com o promotor Dr. Farias do Minist\u00e9rio P\u00fablico Estadual com rela\u00e7\u00e3o ao lixo.<\/p>\n\n\n\n<div class=\"wp-block-image\"><figure class=\"alignleft\"><img decoding=\"async\" data-src=\"https:\/\/i0.wp.com\/www.vitrinedocariri.com.br\/wp-content\/uploads\/2019\/12\/Equipes-das-secretarias-de-Educa%C3%A7%C3%A3o-Sa%C3%BAde-e-Infraestrutura-de-Monteiro-participam-de-reuni%C3%A3o-com-MP-3.jpeg?resize=300%2C199&amp;ssl=1\" alt=\"\" class=\"wp-image-59648 lazyload\" src=\"data:image\/svg+xml;base64,PHN2ZyB3aWR0aD0iMSIgaGVpZ2h0PSIxIiB4bWxucz0iaHR0cDovL3d3dy53My5vcmcvMjAwMC9zdmciPjwvc3ZnPg==\" \/><\/figure><\/div>\n\n\n\n<p><\/p>\n\n\n\n<p><\/p>\n\n\n\n<p>Durante o evento Dr. Farias fez quest\u00e3o de ouvir dos profissionais todas as experi\u00eancias postas em pr\u00e1tica para conscientizar e incentivar a popula\u00e7\u00e3o com rela\u00e7\u00e3o \u00e0 separa\u00e7\u00e3o, acondicionamento e descarte do lixo dom\u00e9stico.<br>Professores, diretores e supervisores contaram as experi\u00eancias e como os alunos est\u00e3o recebendo as informa\u00e7\u00f5es, tanto na zona urbana e zona rural. Agentes Comunit\u00e1rios tamb\u00e9m relataram o trabalho de informa\u00e7\u00e3o e tiraram d\u00favidas a respeito da coleta e descarte na zona rural.<br>Os produtores rurais tamb\u00e9m explanaram e contribu\u00edram com sugest\u00f5es. Ainda dentro do momento o tema inc\u00eandios foi tratado pelo promotor que abordou as quest\u00f5es relacionadas a justi\u00e7a, al\u00e9m dos impactos ambientais e na sa\u00fade da popula\u00e7\u00e3o.<\/p>\n\n\n\n<div class=\"wp-block-image\"><figure class=\"alignleft\"><img decoding=\"async\" data-src=\"https:\/\/i0.wp.com\/www.vitrinedocariri.com.br\/wp-content\/uploads\/2019\/12\/Equipes-das-secretarias-de-Educa%C3%A7%C3%A3o-Sa%C3%BAde-e-Infraestrutura-de-Monteiro-participam-de-reuni%C3%A3o-com-MP-6.jpeg?resize=300%2C199&amp;ssl=1\" alt=\"\" class=\"wp-image-59649 lazyload\" src=\"data:image\/svg+xml;base64,PHN2ZyB3aWR0aD0iMSIgaGVpZ2h0PSIxIiB4bWxucz0iaHR0cDovL3d3dy53My5vcmcvMjAwMC9zdmciPjwvc3ZnPg==\" \/><\/figure><\/div>\n\n\n\n<p><\/p>\n\n\n\n<p><\/p>\n\n\n\n<p>\u201cTodos estamos engajados nessa luta, cada secretaria realiza seu papel e acreditamos que esta uni\u00e3o, somada a popula\u00e7\u00e3o urbana e rural ter\u00e1 como consequ\u00eancia uma nova mentalidade do monteirense em rela\u00e7\u00e3o ao lixo. Estamos iniciando os trabalhos com as crian\u00e7as, que s\u00e3o os maiores agentes de propaga\u00e7\u00e3o de informa\u00e7\u00e3o, auxiliando na mudan\u00e7a da rotina em sua pr\u00f3pria casa e comunidade. Assim todos n\u00f3s ganharemos, o meio ambiente e os coletores de recicl\u00e1veis. Em 2020 teremos uma grande a\u00e7\u00e3o que mobilizar\u00e1 toda a popula\u00e7\u00e3o\u201d, comenta a secret\u00e1ria Ana Lima, que esteve presente na reuni\u00e3o.<\/p>\n","protected":false},"excerpt":{"rendered":"<p>Os monteirenses est\u00e3o prestes a receber uma das maiores campanhas relacionadas ao meio ambiente. As articula\u00e7\u00f5es para a a\u00e7\u00e3o atrav\u00e9s da Prefeitura de Monteiro v\u00eam&hellip; <\/p>\n","protected":false},"author":1,"featured_media":140725,"comment_status":"closed","ping_status":"closed","sticky":false,"template":"","format":"standard","meta":{"sfsi_plus_gutenberg_text_before_share":"","sfsi_plus_gutenberg_show_text_before_share":"","sfsi_plus_gutenberg_icon_type":"","sfsi_plus_gutenberg_icon_alignemt":"","sfsi_plus_gutenburg_max_per_row":"","footnotes":""},"categories":[6],"tags":[],"class_list":["post-140724","post","type-post","status-publish","format-standard","has-post-thumbnail","hentry","category-cidades"],"_links":{"self":[{"href":"https:\/\/www.caririemacao.com\/1\/wp-json\/wp\/v2\/posts\/140724","targetHints":{"allow":["GET"]}}],"collection":[{"href":"https:\/\/www.caririemacao.com\/1\/wp-json\/wp\/v2\/posts"}],"about":[{"href":"https:\/\/www.caririemacao.com\/1\/wp-json\/wp\/v2\/types\/post"}],"author":[{"embeddable":true,"href":"https:\/\/www.caririemacao.com\/1\/wp-json\/wp\/v2\/users\/1"}],"replies":[{"embeddable":true,"href":"https:\/\/www.caririemacao.com\/1\/wp-json\/wp\/v2\/comments?post=140724"}],"version-history":[{"count":1,"href":"https:\/\/www.caririemacao.com\/1\/wp-json\/wp\/v2\/posts\/140724\/revisions"}],"predecessor-version":[{"id":140726,"href":"https:\/\/www.caririemacao.com\/1\/wp-json\/wp\/v2\/posts\/140724\/revisions\/140726"}],"wp:featuredmedia":[{"embeddable":true,"href":"https:\/\/www.caririemacao.com\/1\/wp-json\/wp\/v2\/media\/140725"}],"wp:attachment":[{"href":"https:\/\/www.caririemacao.com\/1\/wp-json\/wp\/v2\/media?parent=140724"}],"wp:term":[{"taxonomy":"category","embeddable":true,"href":"https:\/\/www.caririemacao.com\/1\/wp-json\/wp\/v2\/categories?post=140724"},{"taxonomy":"post_tag","embeddable":true,"href":"https:\/\/www.caririemacao.com\/1\/wp-json\/wp\/v2\/tags?post=140724"}],"curies":[{"name":"wp","href":"https:\/\/api.w.org\/{rel}","templated":true}]}}