{"id":140728,"date":"2019-12-13T09:32:23","date_gmt":"2019-12-13T12:32:23","guid":{"rendered":"http:\/\/www.caririemacao.com\/1\/?p=140728"},"modified":"2019-12-13T09:32:23","modified_gmt":"2019-12-13T12:32:23","slug":"banco-brasileiro-vai-patrocinar-o-time-do-barcelona","status":"publish","type":"post","link":"https:\/\/www.caririemacao.com\/1\/2019\/12\/13\/banco-brasileiro-vai-patrocinar-o-time-do-barcelona\/","title":{"rendered":"Banco brasileiro vai patrocinar o time do Barcelona"},"content":{"rendered":"\n<p>Barcelona e Banco BMG fizeram, nesta quarta-feira (11), em S\u00e3o Paulo, um evento para formalizar uma parceria de dez anos. Mas pouco se falou sobre os detalhes e possibilidades do acordo.<\/p>\n\n\n\n<p>Com um modelo de neg\u00f3cio voltado para o lado comercial, as partes estudam tamb\u00e9m quest\u00f5es futebol\u00edsticas. H\u00e1 at\u00e9 a possibilidade de os espanh\u00f3is fazerem uma pr\u00e9-temporada no Brasil.<\/p>\n\n\n\n<p>Hissa Elias Moyses, diretor-executivo da institui\u00e7\u00e3o financeira, confirma a inten\u00e7\u00e3o em entrevista ao UOL Esporte.<\/p>\n\n\n\n<p>\u201cIsso ainda n\u00e3o est\u00e1 determinado em contrato, mas \u00e9 uma possibilidade que a gente convide o Barcelona para uma pr\u00e9-temporada no Brasil. \u00c9 algo que seria interessante. Mas ainda n\u00e3o foi definido\u201d, disse o dirigente, que ainda falou sobre um poss\u00edvel torneio com clubes tamb\u00e9m patrocinados pelo Banco BMG:<\/p>\n\n\n\n<p>\u201cA gente pensa tamb\u00e9m em um torneio com clubes que s\u00e3o parceiros do banco. Por que n\u00e3o fazer algo nesse sentido para ativar a marca? \u00c9 uma boa possibilidade\u201d, acrescentou.<\/p>\n\n\n\n<p>Hoje, Atl\u00e9tico-MG e Corinthians s\u00e3o times que contam com patroc\u00ednio master da empresa com sede em Minas Gerais. Por\u00e9m, h\u00e1 outras equipes com parcerias tamb\u00e9m.<\/p>\n\n\n\n<p>O acordo entre Barcelona e Banco BMG prev\u00ea a cria\u00e7\u00e3o de conta banc\u00e1ria, similar \u00e0s que existem hoje para as torcidas de Corinthians e Atl\u00e9tico. Ser\u00e1 feito um cart\u00e3o de cr\u00e9dito com o escudo do clube, assim como h\u00e1 hoje para os times de S\u00e3o Paulo e Minas Gerais.<\/p>\n\n\n\n<p>N\u00e3o h\u00e1 valor pr\u00e9-fixado no acordo e ainda \u00e9 poss\u00edvel a negocia\u00e7\u00e3o de jogadores que pertencem ao Coimbra, clube administrado pelo Banco BMG. Um exemplo \u00e9 Igor, zagueiro revelado pela equipe da institui\u00e7\u00e3o financeira. O garoto defende atualmente o sub-20 do Barcelona.<\/p>\n","protected":false},"excerpt":{"rendered":"<p>Barcelona e Banco BMG fizeram, nesta quarta-feira (11), em S\u00e3o Paulo, um evento para formalizar uma parceria de dez anos. Mas pouco se falou sobre&hellip; <\/p>\n","protected":false},"author":1,"featured_media":140729,"comment_status":"closed","ping_status":"closed","sticky":false,"template":"","format":"standard","meta":{"sfsi_plus_gutenberg_text_before_share":"","sfsi_plus_gutenberg_show_text_before_share":"","sfsi_plus_gutenberg_icon_type":"","sfsi_plus_gutenberg_icon_alignemt":"","sfsi_plus_gutenburg_max_per_row":"","footnotes":""},"categories":[13],"tags":[],"class_list":["post-140728","post","type-post","status-publish","format-standard","has-post-thumbnail","hentry","category-esportes"],"_links":{"self":[{"href":"https:\/\/www.caririemacao.com\/1\/wp-json\/wp\/v2\/posts\/140728","targetHints":{"allow":["GET"]}}],"collection":[{"href":"https:\/\/www.caririemacao.com\/1\/wp-json\/wp\/v2\/posts"}],"about":[{"href":"https:\/\/www.caririemacao.com\/1\/wp-json\/wp\/v2\/types\/post"}],"author":[{"embeddable":true,"href":"https:\/\/www.caririemacao.com\/1\/wp-json\/wp\/v2\/users\/1"}],"replies":[{"embeddable":true,"href":"https:\/\/www.caririemacao.com\/1\/wp-json\/wp\/v2\/comments?post=140728"}],"version-history":[{"count":1,"href":"https:\/\/www.caririemacao.com\/1\/wp-json\/wp\/v2\/posts\/140728\/revisions"}],"predecessor-version":[{"id":140730,"href":"https:\/\/www.caririemacao.com\/1\/wp-json\/wp\/v2\/posts\/140728\/revisions\/140730"}],"wp:featuredmedia":[{"embeddable":true,"href":"https:\/\/www.caririemacao.com\/1\/wp-json\/wp\/v2\/media\/140729"}],"wp:attachment":[{"href":"https:\/\/www.caririemacao.com\/1\/wp-json\/wp\/v2\/media?parent=140728"}],"wp:term":[{"taxonomy":"category","embeddable":true,"href":"https:\/\/www.caririemacao.com\/1\/wp-json\/wp\/v2\/categories?post=140728"},{"taxonomy":"post_tag","embeddable":true,"href":"https:\/\/www.caririemacao.com\/1\/wp-json\/wp\/v2\/tags?post=140728"}],"curies":[{"name":"wp","href":"https:\/\/api.w.org\/{rel}","templated":true}]}}