{"id":140732,"date":"2019-12-13T11:27:57","date_gmt":"2019-12-13T14:27:57","guid":{"rendered":"http:\/\/www.caririemacao.com\/1\/?p=140732"},"modified":"2019-12-13T11:27:57","modified_gmt":"2019-12-13T14:27:57","slug":"prefeitura-de-sume-paga-13-dos-servidores-municipais","status":"publish","type":"post","link":"https:\/\/www.caririemacao.com\/1\/2019\/12\/13\/prefeitura-de-sume-paga-13-dos-servidores-municipais\/","title":{"rendered":"Prefeitura de Sum\u00e9 paga 13\u00b0 dos servidores municipais"},"content":{"rendered":"\n<p>A Prefeitura de Sum\u00e9 est\u00e1 pagando nesta sexta-feira (13), o 13\u00b0 sal\u00e1rio dos servidores. S\u00e3o 545 funcion\u00e1rios que est\u00e3o recebendo o pagamento. S\u00e3o R$ 430 mil da folha de pagamento que v\u00e3o circular na economia do munic\u00edpio esta semana. A primeira parcela foi paga no m\u00eas de junho.<\/p>\n\n\n\n<p>Mesmo com toda a crise enfrentada no pa\u00eds, principalmente com quedas do FPM, o prefeito \u00c9den tem honrado o compromisso do pagamento em dia dos servidores.<\/p>\n\n\n\n<p>\u201cA determina\u00e7\u00e3o do prefeito \u00e9 no sentido de que todas as medidas administrativas sejam adotadas com base em planejamento, estrat\u00e9gia e responsabilidade social de modo que o pagamento dos servidores municipais seja a prioridade n\u00famero um\u201d, disse o secret\u00e1rio de Finan\u00e7as, Miguel Rob\u00e9rio.<\/p>\n\n\n\n<p>Ascom PMS<\/p>\n","protected":false},"excerpt":{"rendered":"<p>A Prefeitura de Sum\u00e9 est\u00e1 pagando nesta sexta-feira (13), o 13\u00b0 sal\u00e1rio dos servidores. S\u00e3o 545 funcion\u00e1rios que est\u00e3o recebendo o pagamento. S\u00e3o R$ 430&hellip; <\/p>\n","protected":false},"author":1,"featured_media":140733,"comment_status":"closed","ping_status":"closed","sticky":false,"template":"","format":"standard","meta":{"sfsi_plus_gutenberg_text_before_share":"","sfsi_plus_gutenberg_show_text_before_share":"","sfsi_plus_gutenberg_icon_type":"","sfsi_plus_gutenberg_icon_alignemt":"","sfsi_plus_gutenburg_max_per_row":"","footnotes":""},"categories":[6],"tags":[],"class_list":["post-140732","post","type-post","status-publish","format-standard","has-post-thumbnail","hentry","category-cidades"],"_links":{"self":[{"href":"https:\/\/www.caririemacao.com\/1\/wp-json\/wp\/v2\/posts\/140732","targetHints":{"allow":["GET"]}}],"collection":[{"href":"https:\/\/www.caririemacao.com\/1\/wp-json\/wp\/v2\/posts"}],"about":[{"href":"https:\/\/www.caririemacao.com\/1\/wp-json\/wp\/v2\/types\/post"}],"author":[{"embeddable":true,"href":"https:\/\/www.caririemacao.com\/1\/wp-json\/wp\/v2\/users\/1"}],"replies":[{"embeddable":true,"href":"https:\/\/www.caririemacao.com\/1\/wp-json\/wp\/v2\/comments?post=140732"}],"version-history":[{"count":1,"href":"https:\/\/www.caririemacao.com\/1\/wp-json\/wp\/v2\/posts\/140732\/revisions"}],"predecessor-version":[{"id":140734,"href":"https:\/\/www.caririemacao.com\/1\/wp-json\/wp\/v2\/posts\/140732\/revisions\/140734"}],"wp:featuredmedia":[{"embeddable":true,"href":"https:\/\/www.caririemacao.com\/1\/wp-json\/wp\/v2\/media\/140733"}],"wp:attachment":[{"href":"https:\/\/www.caririemacao.com\/1\/wp-json\/wp\/v2\/media?parent=140732"}],"wp:term":[{"taxonomy":"category","embeddable":true,"href":"https:\/\/www.caririemacao.com\/1\/wp-json\/wp\/v2\/categories?post=140732"},{"taxonomy":"post_tag","embeddable":true,"href":"https:\/\/www.caririemacao.com\/1\/wp-json\/wp\/v2\/tags?post=140732"}],"curies":[{"name":"wp","href":"https:\/\/api.w.org\/{rel}","templated":true}]}}