{"id":140736,"date":"2019-12-13T11:29:28","date_gmt":"2019-12-13T14:29:28","guid":{"rendered":"http:\/\/www.caririemacao.com\/1\/?p=140736"},"modified":"2019-12-13T11:29:28","modified_gmt":"2019-12-13T14:29:28","slug":"prefeito-sandro-moco-ja-assinou-a-adesao-ao-garantia-safra-2019-2020-para-garantir-direito-dos-agricultores-camalauenses","status":"publish","type":"post","link":"https:\/\/www.caririemacao.com\/1\/2019\/12\/13\/prefeito-sandro-moco-ja-assinou-a-adesao-ao-garantia-safra-2019-2020-para-garantir-direito-dos-agricultores-camalauenses\/","title":{"rendered":"Prefeito Sandro M\u00f4co j\u00e1 assinou a ades\u00e3o ao GARANTIA SAFRA 2019\/2020 para garantir direito dos agricultores camalauenses"},"content":{"rendered":"\n<p>O prefeito de Camala\u00fa Sandro M\u00f4co n\u00e3o perdeu tempo, e j\u00e1 nas primeiras horas da manha desta sexta feira, 13, anunciou mais uma importante a\u00e7\u00e3o em prol dos agricultores do munic\u00edpio.<br><\/p>\n\n\n\n<p>O prefeito j\u00e1 assinou o termo de ades\u00e3o ao programa Garantia Safra 2019\/2020 em Campina Grande, o que garantir\u00e1 o direito ao benef\u00edcio aos agricultores camalauenses.<br><\/p>\n\n\n\n<p>\u201cSabemos da necessidade do nosso agricultor. O secret\u00e1rio N\u00eago M\u00f4co tem sempre interagido conosco repassado as demandas e buscado as a\u00e7\u00f5es da gest\u00e3o. Por isso n\u00e3o perdemos tempo e hoje mesmo j\u00e1 assinamos a ades\u00e3o referente ao ano agr\u00edcola de 2019\/2020 para garantir o direito dos nossos agricultores para o pr\u00f3ximo ano de forma imediata\u201d, disse o prefeito Sandro M\u00f4co.<br><\/p>\n\n\n\n<p>F\u00c1BIO BRITO<br><\/p>\n","protected":false},"excerpt":{"rendered":"<p>O prefeito de Camala\u00fa Sandro M\u00f4co n\u00e3o perdeu tempo, e j\u00e1 nas primeiras horas da manha desta sexta feira, 13, anunciou mais uma importante a\u00e7\u00e3o&hellip; <\/p>\n","protected":false},"author":1,"featured_media":15964,"comment_status":"closed","ping_status":"closed","sticky":false,"template":"","format":"standard","meta":{"sfsi_plus_gutenberg_text_before_share":"","sfsi_plus_gutenberg_show_text_before_share":"","sfsi_plus_gutenberg_icon_type":"","sfsi_plus_gutenberg_icon_alignemt":"","sfsi_plus_gutenburg_max_per_row":"","footnotes":""},"categories":[6],"tags":[],"class_list":["post-140736","post","type-post","status-publish","format-standard","has-post-thumbnail","hentry","category-cidades"],"_links":{"self":[{"href":"https:\/\/www.caririemacao.com\/1\/wp-json\/wp\/v2\/posts\/140736","targetHints":{"allow":["GET"]}}],"collection":[{"href":"https:\/\/www.caririemacao.com\/1\/wp-json\/wp\/v2\/posts"}],"about":[{"href":"https:\/\/www.caririemacao.com\/1\/wp-json\/wp\/v2\/types\/post"}],"author":[{"embeddable":true,"href":"https:\/\/www.caririemacao.com\/1\/wp-json\/wp\/v2\/users\/1"}],"replies":[{"embeddable":true,"href":"https:\/\/www.caririemacao.com\/1\/wp-json\/wp\/v2\/comments?post=140736"}],"version-history":[{"count":1,"href":"https:\/\/www.caririemacao.com\/1\/wp-json\/wp\/v2\/posts\/140736\/revisions"}],"predecessor-version":[{"id":140737,"href":"https:\/\/www.caririemacao.com\/1\/wp-json\/wp\/v2\/posts\/140736\/revisions\/140737"}],"wp:featuredmedia":[{"embeddable":true,"href":"https:\/\/www.caririemacao.com\/1\/wp-json\/wp\/v2\/media\/15964"}],"wp:attachment":[{"href":"https:\/\/www.caririemacao.com\/1\/wp-json\/wp\/v2\/media?parent=140736"}],"wp:term":[{"taxonomy":"category","embeddable":true,"href":"https:\/\/www.caririemacao.com\/1\/wp-json\/wp\/v2\/categories?post=140736"},{"taxonomy":"post_tag","embeddable":true,"href":"https:\/\/www.caririemacao.com\/1\/wp-json\/wp\/v2\/tags?post=140736"}],"curies":[{"name":"wp","href":"https:\/\/api.w.org\/{rel}","templated":true}]}}