{"id":140739,"date":"2019-12-13T11:37:34","date_gmt":"2019-12-13T14:37:34","guid":{"rendered":"http:\/\/www.caririemacao.com\/1\/?p=140739"},"modified":"2019-12-13T11:37:34","modified_gmt":"2019-12-13T14:37:34","slug":"prefeito-eden-duarte-e-tecnicos-da-funasa-acompanham-instalacao-de-sistema-de-tratamento-de-agua-salta-z","status":"publish","type":"post","link":"https:\/\/www.caririemacao.com\/1\/2019\/12\/13\/prefeito-eden-duarte-e-tecnicos-da-funasa-acompanham-instalacao-de-sistema-de-tratamento-de-agua-salta-z\/","title":{"rendered":"Prefeito \u00c9den Duarte e t\u00e9cnicos da Funasa acompanham instala\u00e7\u00e3o de sistema de tratamento de \u00e1gua, Salta Z"},"content":{"rendered":"\n<p>O prefeito de Sum\u00e9, \u00c9den Duarte e a equipe t\u00e9cnica da Funasa visitaram nesta quinta-feira (12), o sistema simplificado de tratamento de \u00e1gua, Salta Z, na agrovila Lambedor no assentamento Mandacaru. Em Sum\u00e9, o sistema capta a \u00e1gua bruta do A\u00e7ude Lambedor e a coloca em um reservat\u00f3rio de 5 mil litros di\u00e1rios para processamento e retirada das impurezas, tornando-a pot\u00e1vel para o consumo humano para que seja distribu\u00edda \u00e0 54 fam\u00edlias.<\/p>\n\n\n\n<p>De acordo com a fiscal de projetos de educa\u00e7\u00e3o da Funasa, Elma Pimentel, esse sistema \u00e9 da comunidade que passa a ter \u00e1gua pr\u00f3pria para beber e cozinhar e, por isso, a popula\u00e7\u00e3o tem que zelar pelo seu funcionamento. Ela explicou que um operador tamb\u00e9m est\u00e1 sendo capacitado no pr\u00f3prio local para operacionalizar o sistema de controle, qualidade e an\u00e1lise da \u00e1gua da unidade para que seja distribu\u00edda com seguran\u00e7a para o consumo.<\/p>\n\n\n\n<p>O prefeito \u00c9den Duarte destacou a parceria exitosa que a Funasa tem com o munic\u00edpio, com investimentos de quase R$ 10 milh\u00f5es em v\u00e1rias a\u00e7\u00f5es, a exemplo do projeto rede de esgotamento sanit\u00e1rio, substitui\u00e7\u00e3o de casas de taipa por casas de alvenaria, melhoria sanit\u00e1ria domiciliares (constru\u00e7\u00e3o de banheiros), abastecimento de \u00e1gua, conv\u00eanio para educa\u00e7\u00e3o ambiental e correta utiliza\u00e7\u00e3o da \u00e1rea e agora com a implanta\u00e7\u00e3o do projeto Salta Z. \u201cEsse sistema foi um pleito do or\u00e7amento democr\u00e1tico e ser\u00e1 importante para garantia da sa\u00fade e da cidadania dos moradores da agrovila do Lambedor\u201d, disse.<\/p>\n\n\n\n<p>\u00c9den adiantou que, al\u00e9m dos investimentos da constru\u00e7\u00e3o da base para implanta\u00e7\u00e3o do sistema, a prefeitura tamb\u00e9m doar\u00e1 para cada benefici\u00e1rio recipientes de vinte litros e anunciou a perfura\u00e7\u00e3o de um po\u00e7o para abastecer a localidade.<\/p>\n\n\n\n<p>A agricultora Lene Pereira disse que o sistema \u00e9 importante para a sa\u00fade da comunidade que muitas vezes precisa pagar por \u00e1gua de carros pipa e que agora disp\u00f5e de \u00e1gua tratada e de qualidade todos os dias. \u201cS\u00f3 temos a agradecer \u00e0 prefeitura de Sum\u00e9 e \u00e0 Funasa por lembrar da gente\u201d, completou com alegria ao ver a \u00e1gua jorrando ap\u00f3s a liga\u00e7\u00e3o do sistema Salta Z.<\/p>\n\n\n\n<p><em>Ascom PMS<\/em><\/p>\n","protected":false},"excerpt":{"rendered":"<p>O prefeito de Sum\u00e9, \u00c9den Duarte e a equipe t\u00e9cnica da Funasa visitaram nesta quinta-feira (12), o sistema simplificado de tratamento de \u00e1gua, Salta Z,&hellip; <\/p>\n","protected":false},"author":1,"featured_media":140740,"comment_status":"closed","ping_status":"closed","sticky":false,"template":"","format":"standard","meta":{"sfsi_plus_gutenberg_text_before_share":"","sfsi_plus_gutenberg_show_text_before_share":"","sfsi_plus_gutenberg_icon_type":"","sfsi_plus_gutenberg_icon_alignemt":"","sfsi_plus_gutenburg_max_per_row":"","footnotes":""},"categories":[2],"tags":[],"class_list":["post-140739","post","type-post","status-publish","format-standard","has-post-thumbnail","hentry","category-geral"],"_links":{"self":[{"href":"https:\/\/www.caririemacao.com\/1\/wp-json\/wp\/v2\/posts\/140739","targetHints":{"allow":["GET"]}}],"collection":[{"href":"https:\/\/www.caririemacao.com\/1\/wp-json\/wp\/v2\/posts"}],"about":[{"href":"https:\/\/www.caririemacao.com\/1\/wp-json\/wp\/v2\/types\/post"}],"author":[{"embeddable":true,"href":"https:\/\/www.caririemacao.com\/1\/wp-json\/wp\/v2\/users\/1"}],"replies":[{"embeddable":true,"href":"https:\/\/www.caririemacao.com\/1\/wp-json\/wp\/v2\/comments?post=140739"}],"version-history":[{"count":1,"href":"https:\/\/www.caririemacao.com\/1\/wp-json\/wp\/v2\/posts\/140739\/revisions"}],"predecessor-version":[{"id":140741,"href":"https:\/\/www.caririemacao.com\/1\/wp-json\/wp\/v2\/posts\/140739\/revisions\/140741"}],"wp:featuredmedia":[{"embeddable":true,"href":"https:\/\/www.caririemacao.com\/1\/wp-json\/wp\/v2\/media\/140740"}],"wp:attachment":[{"href":"https:\/\/www.caririemacao.com\/1\/wp-json\/wp\/v2\/media?parent=140739"}],"wp:term":[{"taxonomy":"category","embeddable":true,"href":"https:\/\/www.caririemacao.com\/1\/wp-json\/wp\/v2\/categories?post=140739"},{"taxonomy":"post_tag","embeddable":true,"href":"https:\/\/www.caririemacao.com\/1\/wp-json\/wp\/v2\/tags?post=140739"}],"curies":[{"name":"wp","href":"https:\/\/api.w.org\/{rel}","templated":true}]}}