{"id":140743,"date":"2019-12-13T11:49:54","date_gmt":"2019-12-13T14:49:54","guid":{"rendered":"http:\/\/www.caririemacao.com\/1\/?p=140743"},"modified":"2019-12-13T11:49:54","modified_gmt":"2019-12-13T14:49:54","slug":"barragens-geridas-pelo-estado-na-pb-nao-correm-risco-diz-aesa","status":"publish","type":"post","link":"https:\/\/www.caririemacao.com\/1\/2019\/12\/13\/barragens-geridas-pelo-estado-na-pb-nao-correm-risco-diz-aesa\/","title":{"rendered":"Barragens geridas pelo Estado na PB n\u00e3o correm risco, diz Aesa"},"content":{"rendered":"\n<p>Nenhuma barragem de responsabilidade do Governo do Estado corre riscos, \u00e9 o que assegura Porf\u00edrio Cat\u00e3o Cartaxo, presidente da Ag\u00eancia Executiva de Gest\u00e3o das \u00c1guas do Estado da Para\u00edba. Nesta quarta-feira (11), foi divulgado o Relat\u00f3rio de Seguran\u00e7a de Barragens (RSB) 2018, que revelou problemas \u2018cr\u00edticos\u2019 em quatro barragens da Para\u00edba: Mucutu (Juazeirinho) e Queimadas (Queimadas) com eros\u00f5es talude de jusante, Cachoeira dos Cegos (Catingueira) com drenagem danificada, e Saulo Maia (Areia) com hidromec\u00e2nica inoperante.<\/p>\n\n\n\n<p>O Porf\u00edrio explicou que o relat\u00f3rio divulgado \u00e9 referente ao ano de 2018 e que a maioria dos problemas j\u00e1 teriam sido solucionados.<\/p>\n\n\n\n<p>\u201cO relat\u00f3rio citou quatro barragens que nos informamos que tinha algumas anomalias, a Aesa j\u00e1 fez interven\u00e7\u00f5es nelas, a barragem de Queimadas por eros\u00f5es talude de jusante, a de Cachoeira dos Cegos por drenagem danificada, e Saulo Maia por hidromec\u00e2nica inoperante\u201d, explicou.<\/p>\n\n\n\n<p>Somente na barragem de Mucutu ainda est\u00e1 sendo feito reparos pela Secret\u00e1ria de Infraestrutura e Recursos H\u00eddricos.<\/p>\n\n\n\n<p>\u201cNenhuma barragem de responsabilidade do Estado da Para\u00edba corre risco para a popula\u00e7\u00e3o\u201d, ressaltou o presidente da Aesa.<\/p>\n","protected":false},"excerpt":{"rendered":"<p>Nenhuma barragem de responsabilidade do Governo do Estado corre riscos, \u00e9 o que assegura Porf\u00edrio Cat\u00e3o Cartaxo, presidente da Ag\u00eancia Executiva de Gest\u00e3o das \u00c1guas&hellip; <\/p>\n","protected":false},"author":1,"featured_media":140744,"comment_status":"closed","ping_status":"closed","sticky":false,"template":"","format":"standard","meta":{"sfsi_plus_gutenberg_text_before_share":"","sfsi_plus_gutenberg_show_text_before_share":"","sfsi_plus_gutenberg_icon_type":"","sfsi_plus_gutenberg_icon_alignemt":"","sfsi_plus_gutenburg_max_per_row":"","footnotes":""},"categories":[2],"tags":[],"class_list":["post-140743","post","type-post","status-publish","format-standard","has-post-thumbnail","hentry","category-geral"],"_links":{"self":[{"href":"https:\/\/www.caririemacao.com\/1\/wp-json\/wp\/v2\/posts\/140743","targetHints":{"allow":["GET"]}}],"collection":[{"href":"https:\/\/www.caririemacao.com\/1\/wp-json\/wp\/v2\/posts"}],"about":[{"href":"https:\/\/www.caririemacao.com\/1\/wp-json\/wp\/v2\/types\/post"}],"author":[{"embeddable":true,"href":"https:\/\/www.caririemacao.com\/1\/wp-json\/wp\/v2\/users\/1"}],"replies":[{"embeddable":true,"href":"https:\/\/www.caririemacao.com\/1\/wp-json\/wp\/v2\/comments?post=140743"}],"version-history":[{"count":1,"href":"https:\/\/www.caririemacao.com\/1\/wp-json\/wp\/v2\/posts\/140743\/revisions"}],"predecessor-version":[{"id":140745,"href":"https:\/\/www.caririemacao.com\/1\/wp-json\/wp\/v2\/posts\/140743\/revisions\/140745"}],"wp:featuredmedia":[{"embeddable":true,"href":"https:\/\/www.caririemacao.com\/1\/wp-json\/wp\/v2\/media\/140744"}],"wp:attachment":[{"href":"https:\/\/www.caririemacao.com\/1\/wp-json\/wp\/v2\/media?parent=140743"}],"wp:term":[{"taxonomy":"category","embeddable":true,"href":"https:\/\/www.caririemacao.com\/1\/wp-json\/wp\/v2\/categories?post=140743"},{"taxonomy":"post_tag","embeddable":true,"href":"https:\/\/www.caririemacao.com\/1\/wp-json\/wp\/v2\/tags?post=140743"}],"curies":[{"name":"wp","href":"https:\/\/api.w.org\/{rel}","templated":true}]}}