{"id":140762,"date":"2019-12-13T12:34:36","date_gmt":"2019-12-13T15:34:36","guid":{"rendered":"http:\/\/www.caririemacao.com\/1\/?p=140762"},"modified":"2019-12-13T12:34:36","modified_gmt":"2019-12-13T15:34:36","slug":"caixa-economica-federal-divulga-data-para-novo-saque-extra-do-fgts","status":"publish","type":"post","link":"https:\/\/www.caririemacao.com\/1\/2019\/12\/13\/caixa-economica-federal-divulga-data-para-novo-saque-extra-do-fgts\/","title":{"rendered":"Caixa Econ\u00f4mica Federal divulga data para novo saque extra do FGTS"},"content":{"rendered":"\n<p>O presidente da Caixa Econ\u00f4mica Federal, Pedro Guimar\u00e3es, afirmou nesta quinta-feira (12) que o pagamento extra do saque do FGTS (Fundo de Garantia do Tempo de Servi\u00e7o) estar\u00e1 dispon\u00edvel no dia 20 deste m\u00eas.<\/p>\n\n\n\n<p>Nesta quarta-feira (11), o presidente Jair Bolsonaro sancionou a medida provis\u00f3ria do saque extra do Fundo e manteve a altera\u00e7\u00e3o feita pelo Congresso no valor da retirada para R$ 998 (hoje, um sal\u00e1rio m\u00ednimo) por conta do fundo.<\/p>\n\n\n\n<p>Inicialmente, cada trabalhador poderia retirar at\u00e9 R$ 500 de cada conta.<\/p>\n\n\n\n<p>Em live em uma rede social ao lado de Bolsonaro, Guimar\u00e3es afirmou, \u201cem primeira m\u00e3o\u201d, que a Caixa est\u00e1 preparada para complementar o dinheiro da trabalhadores que fizeram o saque parcial.<\/p>\n\n\n\n<p>De acordo com ele, ser\u00e3o atendidos 10 milh\u00f5es de pessoas. Ser\u00e3o movimentados ainda R$ 2,6 bilh\u00f5es.<\/p>\n\n\n\n<p>\u201cA Caixa est\u00e1 totalmente preparada. A gente consegue este pagamento com muita tranquilidade\u201d, disse.<\/p>\n\n\n\n<p>Bolsonaro explicou aos internautas a mudan\u00e7a no limite do valor do saque. \u201cN\u00f3s estav\u00e1mos a\u00ed pagando R$ 500. Muita gente reclamou dizendo que era pouco, mas muita gente gostou tamb\u00e9m.\u201d<\/p>\n\n\n\n<p>A eleva\u00e7\u00e3o foi inclu\u00edda durante a tramita\u00e7\u00e3o da medida provis\u00f3ria no Congresso que liberou o acesso aos recursos do fundo. A vota\u00e7\u00e3o do texto foi conclu\u00edda em novembro no Senado.<\/p>\n\n\n\n<p>Apenas os benefici\u00e1rios que tiverem no fundo saldo de um sal\u00e1rio m\u00ednimo poder\u00e3o retirar o valor integral. Para os que tiverem saldo acima disso, o limite segue de R$ 500 por conta.<\/p>\n\n\n\n<p>Quem tinha saldo de at\u00e9 R$ 998 e j\u00e1 sacou os R$ 500 poder\u00e1 retirar o residual.<\/p>\n\n\n\n<p>Oficialmente, a forma de libera\u00e7\u00e3o desse novo saque ser\u00e1 detalhada pela Caixa Econ\u00f4mica Federal nesta sexta-feira (13).<\/p>\n\n\n\n<p>Os par\u00e2metros s\u00e3o v\u00e1lidos por cada conta individual. Ou seja, um mesmo trabalhador pode retirar esses valores de cada uma de suas contas de FGTS.<\/p>\n\n\n\n<p>Os saques do FGTS, batizados pelo governo Bolsonaro de Saque Certo, foram divulgados em julho, por meio da edi\u00e7\u00e3o da MP.<\/p>\n\n\n\n<p><\/p>\n\n\n\n<p>FOLHA PRESS<\/p>\n","protected":false},"excerpt":{"rendered":"<p>O presidente da Caixa Econ\u00f4mica Federal, Pedro Guimar\u00e3es, afirmou nesta quinta-feira (12) que o pagamento extra do saque do FGTS (Fundo de Garantia do Tempo&hellip; <\/p>\n","protected":false},"author":1,"featured_media":59745,"comment_status":"closed","ping_status":"closed","sticky":false,"template":"","format":"standard","meta":{"sfsi_plus_gutenberg_text_before_share":"","sfsi_plus_gutenberg_show_text_before_share":"","sfsi_plus_gutenberg_icon_type":"","sfsi_plus_gutenberg_icon_alignemt":"","sfsi_plus_gutenburg_max_per_row":"","footnotes":""},"categories":[2],"tags":[],"class_list":["post-140762","post","type-post","status-publish","format-standard","has-post-thumbnail","hentry","category-geral"],"_links":{"self":[{"href":"https:\/\/www.caririemacao.com\/1\/wp-json\/wp\/v2\/posts\/140762","targetHints":{"allow":["GET"]}}],"collection":[{"href":"https:\/\/www.caririemacao.com\/1\/wp-json\/wp\/v2\/posts"}],"about":[{"href":"https:\/\/www.caririemacao.com\/1\/wp-json\/wp\/v2\/types\/post"}],"author":[{"embeddable":true,"href":"https:\/\/www.caririemacao.com\/1\/wp-json\/wp\/v2\/users\/1"}],"replies":[{"embeddable":true,"href":"https:\/\/www.caririemacao.com\/1\/wp-json\/wp\/v2\/comments?post=140762"}],"version-history":[{"count":1,"href":"https:\/\/www.caririemacao.com\/1\/wp-json\/wp\/v2\/posts\/140762\/revisions"}],"predecessor-version":[{"id":140763,"href":"https:\/\/www.caririemacao.com\/1\/wp-json\/wp\/v2\/posts\/140762\/revisions\/140763"}],"wp:featuredmedia":[{"embeddable":true,"href":"https:\/\/www.caririemacao.com\/1\/wp-json\/wp\/v2\/media\/59745"}],"wp:attachment":[{"href":"https:\/\/www.caririemacao.com\/1\/wp-json\/wp\/v2\/media?parent=140762"}],"wp:term":[{"taxonomy":"category","embeddable":true,"href":"https:\/\/www.caririemacao.com\/1\/wp-json\/wp\/v2\/categories?post=140762"},{"taxonomy":"post_tag","embeddable":true,"href":"https:\/\/www.caririemacao.com\/1\/wp-json\/wp\/v2\/tags?post=140762"}],"curies":[{"name":"wp","href":"https:\/\/api.w.org\/{rel}","templated":true}]}}