{"id":140766,"date":"2019-12-13T12:51:31","date_gmt":"2019-12-13T15:51:31","guid":{"rendered":"http:\/\/www.caririemacao.com\/1\/?p=140766"},"modified":"2019-12-13T12:51:31","modified_gmt":"2019-12-13T15:51:31","slug":"lula-ironiza-olavo-de-carvalho-pensa-que-a-terra-e-plana","status":"publish","type":"post","link":"https:\/\/www.caririemacao.com\/1\/2019\/12\/13\/lula-ironiza-olavo-de-carvalho-pensa-que-a-terra-e-plana\/","title":{"rendered":"Lula ironiza Olavo de Carvalho: \u201cPensa que a terra \u00e9 plana\u201d"},"content":{"rendered":"\n<p>O ex-presidente Luiz In\u00e1cio Lula da Silva ironizou o escritor Olavo de Carvalho, apontado como guru do governo Jair Bolsonaro, na noite desta quarta-feira, 11, durante lan\u00e7amento do livro de seus advogados de defesa no sal\u00e3o nobre da faculdade de direito do Largo S\u00e3o Francisco, em S\u00e3o Paulo.<\/p>\n\n\n\n<p>Lula criticava as pol\u00edticas do governo Bolsonaro quando, sem citar o escritor nominalmente, come\u00e7ou a falar de Olavo. \u201c\u00c9 um governo que tem como mentor intelectual um homem que acredita que a terra \u00e9 plana e agora parece que vai ter um programa na TV p\u00fablica\u201d, disse o ex-presidente.<\/p>\n\n\n\n<p>O escritor radicado nos EUA vai ser uma das estrelas da s\u00e9rie \u201cA \u00daltima Cruzada\u201d da produtora Brasil Paralelo que promete fazer um \u201cresgate hist\u00f3rico\u201d do Brasil e ser\u00e1 exibida pela TV Escola, do Minist\u00e9rio da Educa\u00e7\u00e3o.<\/p>\n\n\n\n<p>Em postagens nas redes sociais, Olavo disse que assistiu alguns v\u00eddeos sobre a \u201cplanicidade das superf\u00edcies aqu\u00e1ticas\u201d e n\u00e3o conseguiu encontrar \u201cat\u00e9 agora nada que os refute\u201d.<\/p>\n\n\n\n<p>Diante da rea\u00e7\u00e3o favor\u00e1vel da plateia, Lula partiu para a galhofa. \u201cEngra\u00e7ado que \u00e9 uma contradi\u00e7\u00e3o. O mesmo tempo que o Bolsonaro tem o seu orientador intelectual que diz que a terra \u00e9 plana ele tem o \u00fanico astronauta brasileiro (Marcos Pontes) no governo e que poderia desmentir\u201d, provocou o petista.<\/p>\n\n\n\n<p>O ex-presidente participou do lan\u00e7amento do livro Lawfare: uma introdu\u00e7\u00e3o escrito pelos advogados Cristiano Zanin, Valeska Martins e Rafael Valim. Os dois primeiros s\u00e3o respons\u00e1veis pela defesa do ex-presidente nos processos relativos \u00e0 Lava Jato.<\/p>\n\n\n\n<p>No evento, que tamb\u00e9m teve a participa\u00e7\u00e3o do ex-primeiro-ministro de Portugal Jos\u00e9 S\u00f3crates, os autores tentaram chamar aten\u00e7\u00e3o para o fen\u00f4meno do \u201clawfare\u201d (guerra de leis, em ingl\u00eas), que Zanin conceituou como o \u201cuso estrat\u00e9gico do direito objetivando fins pol\u00edticos, geopol\u00edticos, militares e comerciais\u201d, e que segundo o advogado \u00e9 a base da atua\u00e7\u00e3o da Lava Jato contra o ex-presidente.<\/p>\n\n\n\n<p>Lula disse que falaria pouco por causa de limita\u00e7\u00f5es da voz (ele teve c\u00e2ncer na laringe em 2011), mas fez um discurso de 36 minutos. Na maior parte do tempo o ex-presidente acusou a imprensa e setores do Judici\u00e1rio de terem feito um compl\u00f4 para tirar o PT do governo e impedir que ele fosse candidato em 2018. Sobraram ataques ao ministro da Justi\u00e7a, S\u00e9rgio Moro, e \u00e0 Lava Jato.<\/p>\n\n\n\n<p>No final, o ex-presidente se voltou contra o governo Bolsonaro. \u201cN\u00f3s agora vivemos um fascismo neste Pa\u00eds. Impressionante\u201d, disse Lula. \u201cEstou com muita vontade de derrotar o fascismo neste Pa\u00eds\u201d.<\/p>\n\n\n\n<p>Al\u00e9m de ironizar Olavo de Carvalho, o ex-presidente criticou o ministro da Economia, Paulo Guedes, por \u201centregar o patrim\u00f4nio brasileiro\u201d e o presidente da Funarte, Roberto Alvim, por ter ofendido a atriz Fernanda Montenegro. O discurso seguiu a estrat\u00e9gia anunciada por Lula logo depois de deixar a pris\u00e3o de for\u00e7ar a polariza\u00e7\u00e3o com Bolsonaro.<\/p>\n","protected":false},"excerpt":{"rendered":"<p>O ex-presidente Luiz In\u00e1cio Lula da Silva ironizou o escritor Olavo de Carvalho, apontado como guru do governo Jair Bolsonaro, na noite desta quarta-feira, 11,&hellip; <\/p>\n","protected":false},"author":1,"featured_media":18647,"comment_status":"closed","ping_status":"closed","sticky":false,"template":"","format":"standard","meta":{"sfsi_plus_gutenberg_text_before_share":"","sfsi_plus_gutenberg_show_text_before_share":"","sfsi_plus_gutenberg_icon_type":"","sfsi_plus_gutenberg_icon_alignemt":"","sfsi_plus_gutenburg_max_per_row":"","footnotes":""},"categories":[11],"tags":[],"class_list":["post-140766","post","type-post","status-publish","format-standard","has-post-thumbnail","hentry","category-politica"],"_links":{"self":[{"href":"https:\/\/www.caririemacao.com\/1\/wp-json\/wp\/v2\/posts\/140766","targetHints":{"allow":["GET"]}}],"collection":[{"href":"https:\/\/www.caririemacao.com\/1\/wp-json\/wp\/v2\/posts"}],"about":[{"href":"https:\/\/www.caririemacao.com\/1\/wp-json\/wp\/v2\/types\/post"}],"author":[{"embeddable":true,"href":"https:\/\/www.caririemacao.com\/1\/wp-json\/wp\/v2\/users\/1"}],"replies":[{"embeddable":true,"href":"https:\/\/www.caririemacao.com\/1\/wp-json\/wp\/v2\/comments?post=140766"}],"version-history":[{"count":1,"href":"https:\/\/www.caririemacao.com\/1\/wp-json\/wp\/v2\/posts\/140766\/revisions"}],"predecessor-version":[{"id":140770,"href":"https:\/\/www.caririemacao.com\/1\/wp-json\/wp\/v2\/posts\/140766\/revisions\/140770"}],"wp:featuredmedia":[{"embeddable":true,"href":"https:\/\/www.caririemacao.com\/1\/wp-json\/wp\/v2\/media\/18647"}],"wp:attachment":[{"href":"https:\/\/www.caririemacao.com\/1\/wp-json\/wp\/v2\/media?parent=140766"}],"wp:term":[{"taxonomy":"category","embeddable":true,"href":"https:\/\/www.caririemacao.com\/1\/wp-json\/wp\/v2\/categories?post=140766"},{"taxonomy":"post_tag","embeddable":true,"href":"https:\/\/www.caririemacao.com\/1\/wp-json\/wp\/v2\/tags?post=140766"}],"curies":[{"name":"wp","href":"https:\/\/api.w.org\/{rel}","templated":true}]}}