{"id":140767,"date":"2019-12-13T12:48:33","date_gmt":"2019-12-13T15:48:33","guid":{"rendered":"http:\/\/www.caririemacao.com\/1\/?p=140767"},"modified":"2019-12-13T12:48:33","modified_gmt":"2019-12-13T15:48:33","slug":"presidente-da-camara-de-zabele-tem-contas-aprovadas-pelo-tce","status":"publish","type":"post","link":"https:\/\/www.caririemacao.com\/1\/2019\/12\/13\/presidente-da-camara-de-zabele-tem-contas-aprovadas-pelo-tce\/","title":{"rendered":"Presidente da C\u00e2mara de Zabel\u00ea tem contas aprovadas pelo TCE"},"content":{"rendered":"\n<p>Reunida nesta quinta-feira (12), em sess\u00e3o ordin\u00e1ria, a\nPrimeira C\u00e2mara do Tribunal de Contas do Estado da Para\u00edba, sob a presid\u00eancia\ndo rec\u00e9m empossado conselheiro do TCE-PB, Ant\u00f4nio Gomes Vieira Filho, julgou 46\nprocessos de presta\u00e7\u00f5es de contas anuais. <\/p>\n\n\n\n<p>Foram quatro C\u00e2maras Municipais, todas relativas ao\nexerc\u00edcio 2018. E ainda, processos de inspe\u00e7\u00e3o em obras p\u00fablicas, licita\u00e7\u00f5es,\nden\u00fancia, pens\u00f5es e de aposentadorias.<\/p>\n\n\n\n<p>Na mesma reuni\u00e3o, os conselheiros do TCE aprovaram por unanimidade as contas relativas ao exerc\u00edcio 2018 da C\u00e2mara Municipal de Zabel\u00ea que tem como presidente o vereador Pedro Apolin\u00e1rio.<\/p>\n\n\n\n<p>\u201cProcuramos fazer tudo da forma mais transparente poss\u00edvel,\nprezando sempre pela presta\u00e7\u00e3o de contas dos recursos p\u00fablicos\u201d, comentou a\npresidente Pedro.<\/p>\n","protected":false},"excerpt":{"rendered":"<p>Reunida nesta quinta-feira (12), em sess\u00e3o ordin\u00e1ria, a Primeira C\u00e2mara do Tribunal de Contas do Estado da Para\u00edba, sob a presid\u00eancia do rec\u00e9m empossado conselheiro&hellip; <\/p>\n","protected":false},"author":2,"featured_media":140768,"comment_status":"closed","ping_status":"closed","sticky":false,"template":"","format":"standard","meta":{"sfsi_plus_gutenberg_text_before_share":"","sfsi_plus_gutenberg_show_text_before_share":"","sfsi_plus_gutenberg_icon_type":"","sfsi_plus_gutenberg_icon_alignemt":"","sfsi_plus_gutenburg_max_per_row":"","footnotes":""},"categories":[50,2],"tags":[],"class_list":["post-140767","post","type-post","status-publish","format-standard","has-post-thumbnail","hentry","category-destaque","category-geral"],"_links":{"self":[{"href":"https:\/\/www.caririemacao.com\/1\/wp-json\/wp\/v2\/posts\/140767","targetHints":{"allow":["GET"]}}],"collection":[{"href":"https:\/\/www.caririemacao.com\/1\/wp-json\/wp\/v2\/posts"}],"about":[{"href":"https:\/\/www.caririemacao.com\/1\/wp-json\/wp\/v2\/types\/post"}],"author":[{"embeddable":true,"href":"https:\/\/www.caririemacao.com\/1\/wp-json\/wp\/v2\/users\/2"}],"replies":[{"embeddable":true,"href":"https:\/\/www.caririemacao.com\/1\/wp-json\/wp\/v2\/comments?post=140767"}],"version-history":[{"count":1,"href":"https:\/\/www.caririemacao.com\/1\/wp-json\/wp\/v2\/posts\/140767\/revisions"}],"predecessor-version":[{"id":140769,"href":"https:\/\/www.caririemacao.com\/1\/wp-json\/wp\/v2\/posts\/140767\/revisions\/140769"}],"wp:featuredmedia":[{"embeddable":true,"href":"https:\/\/www.caririemacao.com\/1\/wp-json\/wp\/v2\/media\/140768"}],"wp:attachment":[{"href":"https:\/\/www.caririemacao.com\/1\/wp-json\/wp\/v2\/media?parent=140767"}],"wp:term":[{"taxonomy":"category","embeddable":true,"href":"https:\/\/www.caririemacao.com\/1\/wp-json\/wp\/v2\/categories?post=140767"},{"taxonomy":"post_tag","embeddable":true,"href":"https:\/\/www.caririemacao.com\/1\/wp-json\/wp\/v2\/tags?post=140767"}],"curies":[{"name":"wp","href":"https:\/\/api.w.org\/{rel}","templated":true}]}}