{"id":140771,"date":"2019-12-13T12:53:02","date_gmt":"2019-12-13T15:53:02","guid":{"rendered":"http:\/\/www.caririemacao.com\/1\/?p=140771"},"modified":"2019-12-13T12:53:02","modified_gmt":"2019-12-13T15:53:02","slug":"homem-e-preso-suspeito-de-fabricar-armas-de-fogo-na-pb","status":"publish","type":"post","link":"https:\/\/www.caririemacao.com\/1\/2019\/12\/13\/homem-e-preso-suspeito-de-fabricar-armas-de-fogo-na-pb\/","title":{"rendered":"Homem \u00e9 preso suspeito de fabricar armas de fogo na PB"},"content":{"rendered":"\n<p>Um homem de 58 anos foi preso, nesta quarta-feira (11), suspeito de fabricar armas de fogo em&nbsp;<strong>Sousa<\/strong>, no Sert\u00e3o da Para\u00edba. Segundo informa\u00e7\u00f5es do delegado Ilamilton Simpl\u00edcio, foram apreendidas tr\u00eas espingardas com o homem.<\/p>\n\n\n\n<p>\u201cEle foi preso em flagrante delito. Ele fabricava espingardas. Assim, os policiais conseguiram evitar que tr\u00eas armas sejam usadas no crime\u201d, afirmou o delegado.<\/p>\n\n\n\n<p>Ainda de acordo com a Pol\u00edcia Civil, al\u00e9m das espingardas, ainda foram apreendidos cartuchos e outros elementos usados para a fabrica\u00e7\u00e3o de armas.<\/p>\n\n\n\n<p><strong>G1<\/strong><\/p>\n","protected":false},"excerpt":{"rendered":"<p>Um homem de 58 anos foi preso, nesta quarta-feira (11), suspeito de fabricar armas de fogo em&nbsp;Sousa, no Sert\u00e3o da Para\u00edba. Segundo informa\u00e7\u00f5es do delegado&hellip; <\/p>\n","protected":false},"author":1,"featured_media":140772,"comment_status":"closed","ping_status":"closed","sticky":false,"template":"","format":"standard","meta":{"sfsi_plus_gutenberg_text_before_share":"","sfsi_plus_gutenberg_show_text_before_share":"","sfsi_plus_gutenberg_icon_type":"","sfsi_plus_gutenberg_icon_alignemt":"","sfsi_plus_gutenburg_max_per_row":"","footnotes":""},"categories":[12],"tags":[],"class_list":["post-140771","post","type-post","status-publish","format-standard","has-post-thumbnail","hentry","category-policia"],"_links":{"self":[{"href":"https:\/\/www.caririemacao.com\/1\/wp-json\/wp\/v2\/posts\/140771","targetHints":{"allow":["GET"]}}],"collection":[{"href":"https:\/\/www.caririemacao.com\/1\/wp-json\/wp\/v2\/posts"}],"about":[{"href":"https:\/\/www.caririemacao.com\/1\/wp-json\/wp\/v2\/types\/post"}],"author":[{"embeddable":true,"href":"https:\/\/www.caririemacao.com\/1\/wp-json\/wp\/v2\/users\/1"}],"replies":[{"embeddable":true,"href":"https:\/\/www.caririemacao.com\/1\/wp-json\/wp\/v2\/comments?post=140771"}],"version-history":[{"count":1,"href":"https:\/\/www.caririemacao.com\/1\/wp-json\/wp\/v2\/posts\/140771\/revisions"}],"predecessor-version":[{"id":140773,"href":"https:\/\/www.caririemacao.com\/1\/wp-json\/wp\/v2\/posts\/140771\/revisions\/140773"}],"wp:featuredmedia":[{"embeddable":true,"href":"https:\/\/www.caririemacao.com\/1\/wp-json\/wp\/v2\/media\/140772"}],"wp:attachment":[{"href":"https:\/\/www.caririemacao.com\/1\/wp-json\/wp\/v2\/media?parent=140771"}],"wp:term":[{"taxonomy":"category","embeddable":true,"href":"https:\/\/www.caririemacao.com\/1\/wp-json\/wp\/v2\/categories?post=140771"},{"taxonomy":"post_tag","embeddable":true,"href":"https:\/\/www.caririemacao.com\/1\/wp-json\/wp\/v2\/tags?post=140771"}],"curies":[{"name":"wp","href":"https:\/\/api.w.org\/{rel}","templated":true}]}}