{"id":140775,"date":"2019-12-13T13:24:09","date_gmt":"2019-12-13T16:24:09","guid":{"rendered":"http:\/\/www.caririemacao.com\/1\/?p=140775"},"modified":"2019-12-13T13:24:09","modified_gmt":"2019-12-13T16:24:09","slug":"em-mudanca-de-postura-bolsonaro-fala-em-nosso-stf-e-elogia-decisoes-recentes","status":"publish","type":"post","link":"https:\/\/www.caririemacao.com\/1\/2019\/12\/13\/em-mudanca-de-postura-bolsonaro-fala-em-nosso-stf-e-elogia-decisoes-recentes\/","title":{"rendered":"Em mudan\u00e7a de postura, Bolsonaro fala em &#8216;nosso STF&#8217; e elogia decis\u00f5es recentes"},"content":{"rendered":"\n<p>O presidente Jair Bolsonaro (sem partido) aproveitou seu discurso em evento da Marinha nesta sexta-feira (13) para fazer um aceno ao STF (Supremo Tribunal Federal).&#8221;Eu tenho gratid\u00e3o \u00e0s For\u00e7as Armadas, \u00e0 popula\u00e7\u00e3o como um todo, e \u00e0 C\u00e2mara e ao Senado que t\u00eam nos ajudado a construir esse futuro. Sem se esquecer do Poder Judici\u00e1rio, em especial o nosso STF, que em muitas medidas tem nos ajudado a garantir a governabilidade&#8221;, afirmou o presidente.&nbsp;<\/p>\n\n\n\n<p>A declara\u00e7\u00e3o foi feita durante um breve discurso em cerim\u00f4nia para comemora\u00e7\u00e3o ao Dia do Marinheiro, em Bras\u00edlia.&nbsp;<\/p>\n\n\n\n<p>Bolsonaro fez acenos ao Congresso, que estava representado por seu dirigente, o senador Davi Alcolumbre (DEM-AP). A fala do presidente \u00e9 uma mudan\u00e7a de postura em rela\u00e7\u00e3o ao que defendia quando era deputado federal.&nbsp;<\/p>\n\n\n\n<p>Ao longo de seus 28 anos na C\u00e2mara dos Deputados, ele costumava adotar um discurso cr\u00edtico ao STF e chegou a pedir no passado seu fechamento.V\u00e1rios de seus apoiadores adotam tom cr\u00edtico \u00e0 corte e j\u00e1 organizaram protestos em frente \u00e0 sede do tribunal, em Bras\u00edlia.<\/p>\n\n\n\n<p>Desde que foi eleito ao Pal\u00e1cio do Planalto, contudo, Bolsonaro passou a se aproximar do presidente do Supremo, o ministro Dias Toffoli, indicado para uma vaga na corte pelo ex-presidente Luiz In\u00e1cio Lula da Silva (PT).Ainda em sua fala durante o evento, Bolsonaro repetiu o discurso sobre a import\u00e2ncia das For\u00e7as Armadas, dizendo que elas s\u00e3o respons\u00e1veis pela seguran\u00e7a do Brasil ao longo da hist\u00f3ria.<\/p>\n\n\n\n<p>&#8220;N\u00e3o existe honra maior a um chefe de Estado do que estar numa solenidade como esta dirigindo a palavra a pessoas t\u00e3o comprometidas com o seguro da sua P\u00e1tria. Em todos os momentos que a hist\u00f3ria assim se fez presente, assim desejou, os militares cumpriram para com o seu papel&#8221;, disse.<\/p>\n\n\n\n<p>O presidente exaltou ainda a Amaz\u00f4nia Azul e o papel da Marinha na prote\u00e7\u00e3o da costa brasileira.Ele relembrou ex-dirigentes brasileiros \u2013como os presidentes Humberto Castello Branco e Em\u00edlio Garrastazu M\u00e9dici, durante o per\u00edodo da ditadura militar, al\u00e9m de Jos\u00e9 Sarney e Juscelino Kubistchek\u2013 por suas a\u00e7\u00f5es na Amaz\u00f4nia.<\/p>\n\n\n\n<p>&#8220;Dando o devido valor \u00e0s nossas For\u00e7as Armadas teremos a garantia de que a Amaz\u00f4nia \u00e9 nossa.&#8221;O presidente encerrou sua fala que os militares junto dos poderes Legislativo e Judici\u00e1rio conseguem dar esperan\u00e7a ao povo brasileiro sobre mudan\u00e7as no pa\u00eds.<\/p>\n","protected":false},"excerpt":{"rendered":"<p>O presidente Jair Bolsonaro (sem partido) aproveitou seu discurso em evento da Marinha nesta sexta-feira (13) para fazer um aceno ao STF (Supremo Tribunal Federal).&#8221;Eu&hellip; <\/p>\n","protected":false},"author":1,"featured_media":90582,"comment_status":"closed","ping_status":"closed","sticky":false,"template":"","format":"standard","meta":{"sfsi_plus_gutenberg_text_before_share":"","sfsi_plus_gutenberg_show_text_before_share":"","sfsi_plus_gutenberg_icon_type":"","sfsi_plus_gutenberg_icon_alignemt":"","sfsi_plus_gutenburg_max_per_row":"","footnotes":""},"categories":[11],"tags":[],"class_list":["post-140775","post","type-post","status-publish","format-standard","has-post-thumbnail","hentry","category-politica"],"_links":{"self":[{"href":"https:\/\/www.caririemacao.com\/1\/wp-json\/wp\/v2\/posts\/140775","targetHints":{"allow":["GET"]}}],"collection":[{"href":"https:\/\/www.caririemacao.com\/1\/wp-json\/wp\/v2\/posts"}],"about":[{"href":"https:\/\/www.caririemacao.com\/1\/wp-json\/wp\/v2\/types\/post"}],"author":[{"embeddable":true,"href":"https:\/\/www.caririemacao.com\/1\/wp-json\/wp\/v2\/users\/1"}],"replies":[{"embeddable":true,"href":"https:\/\/www.caririemacao.com\/1\/wp-json\/wp\/v2\/comments?post=140775"}],"version-history":[{"count":1,"href":"https:\/\/www.caririemacao.com\/1\/wp-json\/wp\/v2\/posts\/140775\/revisions"}],"predecessor-version":[{"id":140776,"href":"https:\/\/www.caririemacao.com\/1\/wp-json\/wp\/v2\/posts\/140775\/revisions\/140776"}],"wp:featuredmedia":[{"embeddable":true,"href":"https:\/\/www.caririemacao.com\/1\/wp-json\/wp\/v2\/media\/90582"}],"wp:attachment":[{"href":"https:\/\/www.caririemacao.com\/1\/wp-json\/wp\/v2\/media?parent=140775"}],"wp:term":[{"taxonomy":"category","embeddable":true,"href":"https:\/\/www.caririemacao.com\/1\/wp-json\/wp\/v2\/categories?post=140775"},{"taxonomy":"post_tag","embeddable":true,"href":"https:\/\/www.caririemacao.com\/1\/wp-json\/wp\/v2\/tags?post=140775"}],"curies":[{"name":"wp","href":"https:\/\/api.w.org\/{rel}","templated":true}]}}