{"id":140780,"date":"2019-12-13T13:37:34","date_gmt":"2019-12-13T16:37:34","guid":{"rendered":"http:\/\/www.caririemacao.com\/1\/?p=140780"},"modified":"2019-12-13T13:37:34","modified_gmt":"2019-12-13T16:37:34","slug":"prefeitura-de-sume-inicia-o-programa-cozinha-solidaria","status":"publish","type":"post","link":"https:\/\/www.caririemacao.com\/1\/2019\/12\/13\/prefeitura-de-sume-inicia-o-programa-cozinha-solidaria\/","title":{"rendered":"Prefeitura de Sum\u00e9 inicia o Programa Cozinha Solid\u00e1ria"},"content":{"rendered":"\n<p>Atendendo \u00e0 Lei Municipal 1.276, de 31 de outubro de 2018, a Prefeitura de Sum\u00e9 deu in\u00edcio, no \u00faltimo dia 03\/12, ao Programa de abastecimento alimentar \u201cCozinha Solid\u00e1ria\u201d, coordenado e executado pela Secretaria de Assist\u00eancia Social e destinado a atender \u00e0s fam\u00edlias carentes do munic\u00edpio de Sum\u00e9.<\/p>\n\n\n\n<p>O Programa \u201cCozinha Solid\u00e1ria\u201d tem por objetivo promover o direito humano e a alimenta\u00e7\u00e3o adequada \u00e0s fam\u00edlias sumeenses que se encontram em situa\u00e7\u00e3o de inseguran\u00e7a alimentar e nutricional.<\/p>\n\n\n\n<p>As fam\u00edlias beneficiadas devem estar inseridas em contexto de risco social e serem extremamente pobres, sendo a principal fonte de renda o Programa Bolsa Fam\u00edlia do Governo Federal.<\/p>\n\n\n\n<p>O processo de cadastro e sele\u00e7\u00e3o das fam\u00edlias \u00e9 realizado pelo Centro de Refer\u00eancia em Assist\u00eancia Social, sendo verificado por meio de visita domiciliar e escuta qualifica\u00e7\u00e3o se as fam\u00edlias se enquadram nos crit\u00e9rios pr\u00e9-estabelecidos por lei.<\/p>\n\n\n\n<p>A fam\u00edlia que necessita ser inclu\u00edda no programa deve procurar o Cras de Sum\u00e9, localizado na Rua Ant\u00f4nio Leite, no bairro do Alto Alegre para realizar o cadastro. No momento da inscri\u00e7\u00e3o o requerente deve estar munido da c\u00f3pia xerox leg\u00edvel do RG, CPF, t\u00edtulo de eleitor, N\u00famero de Inscri\u00e7\u00e3o Social (NIS), comprovante de resid\u00eancia e documento oficial dos dependentes e familiares.<\/p>\n\n\n\n<p>Ascom PMS<\/p>\n","protected":false},"excerpt":{"rendered":"<p>Atendendo \u00e0 Lei Municipal 1.276, de 31 de outubro de 2018, a Prefeitura de Sum\u00e9 deu in\u00edcio, no \u00faltimo dia 03\/12, ao Programa de abastecimento&hellip; <\/p>\n","protected":false},"author":1,"featured_media":140781,"comment_status":"closed","ping_status":"closed","sticky":false,"template":"","format":"standard","meta":{"sfsi_plus_gutenberg_text_before_share":"","sfsi_plus_gutenberg_show_text_before_share":"","sfsi_plus_gutenberg_icon_type":"","sfsi_plus_gutenberg_icon_alignemt":"","sfsi_plus_gutenburg_max_per_row":"","footnotes":""},"categories":[6,50],"tags":[],"class_list":["post-140780","post","type-post","status-publish","format-standard","has-post-thumbnail","hentry","category-cidades","category-destaque"],"_links":{"self":[{"href":"https:\/\/www.caririemacao.com\/1\/wp-json\/wp\/v2\/posts\/140780","targetHints":{"allow":["GET"]}}],"collection":[{"href":"https:\/\/www.caririemacao.com\/1\/wp-json\/wp\/v2\/posts"}],"about":[{"href":"https:\/\/www.caririemacao.com\/1\/wp-json\/wp\/v2\/types\/post"}],"author":[{"embeddable":true,"href":"https:\/\/www.caririemacao.com\/1\/wp-json\/wp\/v2\/users\/1"}],"replies":[{"embeddable":true,"href":"https:\/\/www.caririemacao.com\/1\/wp-json\/wp\/v2\/comments?post=140780"}],"version-history":[{"count":1,"href":"https:\/\/www.caririemacao.com\/1\/wp-json\/wp\/v2\/posts\/140780\/revisions"}],"predecessor-version":[{"id":140782,"href":"https:\/\/www.caririemacao.com\/1\/wp-json\/wp\/v2\/posts\/140780\/revisions\/140782"}],"wp:featuredmedia":[{"embeddable":true,"href":"https:\/\/www.caririemacao.com\/1\/wp-json\/wp\/v2\/media\/140781"}],"wp:attachment":[{"href":"https:\/\/www.caririemacao.com\/1\/wp-json\/wp\/v2\/media?parent=140780"}],"wp:term":[{"taxonomy":"category","embeddable":true,"href":"https:\/\/www.caririemacao.com\/1\/wp-json\/wp\/v2\/categories?post=140780"},{"taxonomy":"post_tag","embeddable":true,"href":"https:\/\/www.caririemacao.com\/1\/wp-json\/wp\/v2\/tags?post=140780"}],"curies":[{"name":"wp","href":"https:\/\/api.w.org\/{rel}","templated":true}]}}