{"id":140784,"date":"2019-12-13T13:40:12","date_gmt":"2019-12-13T16:40:12","guid":{"rendered":"http:\/\/www.caririemacao.com\/1\/?p=140784"},"modified":"2019-12-13T13:40:12","modified_gmt":"2019-12-13T16:40:12","slug":"cdsa-discute-parceria-com-centro-vida-nordeste-e-instituto-de-pesquisa-em-farmacos-e-medicamentos-da-ufpb","status":"publish","type":"post","link":"https:\/\/www.caririemacao.com\/1\/2019\/12\/13\/cdsa-discute-parceria-com-centro-vida-nordeste-e-instituto-de-pesquisa-em-farmacos-e-medicamentos-da-ufpb\/","title":{"rendered":"CDSA discute parceria com Centro Vida Nordeste e  Instituto de Pesquisa em F\u00e1rmacos e Medicamentos da UFPB"},"content":{"rendered":"\n<p>\n\nNesta \u00faltima quinta-feira (12), foi realizada uma reuni\u00e3o entre o diretor do Centro de Desenvolvimento Sustent\u00e1vel do Semi\u00e1rido da Universidade Federal de Campina Grande, professor Hugo Morais de Alc\u00e2ntara, a coordenadora do Laborat\u00f3rio de Ecologia e Bot\u00e2nica &#8211; LAEB\/CDSA\/UFCG, professora Alecksandra Vieira de Lacerda e representantes do Centro Vida Nordeste e do Instituto de Pesquisa em F\u00e1rmacos e Medicamentos (IPeFarM &#8211; UFPB), visando discutir parcerias do CDSA com essas entidades.<\/p>\n\n\n\n<p>Foram discutidos trabalhos a serem executados em parceria, ampliando as pesquisas que buscam ressaltar os potenciais do Cariri paraibano e &#8220;assim fortalecer a\u00e7\u00f5es estrat\u00e9gicas para o desenvolvimento regional&#8221;, disse a professora Alecksandra Lacerda.<\/p>\n\n\n\n<p>De acordo com a professora, &#8220;estamos buscando estabelecer conex\u00f5es com institui\u00e7\u00f5es importantes do Semi\u00e1rido e assim ratificar o compromisso do uso sustent\u00e1vel dos recursos naturais no Bioma Caatinga&#8221;.<\/p>\n\n\n\n<p>Assimp CDSA\/UFCG\n\n<\/p>\n","protected":false},"excerpt":{"rendered":"<p>Nesta \u00faltima quinta-feira (12), foi realizada uma reuni\u00e3o entre o diretor do Centro de Desenvolvimento Sustent\u00e1vel do Semi\u00e1rido da Universidade Federal de Campina Grande, professor&hellip; <\/p>\n","protected":false},"author":1,"featured_media":140785,"comment_status":"closed","ping_status":"closed","sticky":false,"template":"","format":"standard","meta":{"sfsi_plus_gutenberg_text_before_share":"","sfsi_plus_gutenberg_show_text_before_share":"","sfsi_plus_gutenberg_icon_type":"","sfsi_plus_gutenberg_icon_alignemt":"","sfsi_plus_gutenburg_max_per_row":"","footnotes":""},"categories":[14],"tags":[],"class_list":["post-140784","post","type-post","status-publish","format-standard","has-post-thumbnail","hentry","category-educacao"],"_links":{"self":[{"href":"https:\/\/www.caririemacao.com\/1\/wp-json\/wp\/v2\/posts\/140784","targetHints":{"allow":["GET"]}}],"collection":[{"href":"https:\/\/www.caririemacao.com\/1\/wp-json\/wp\/v2\/posts"}],"about":[{"href":"https:\/\/www.caririemacao.com\/1\/wp-json\/wp\/v2\/types\/post"}],"author":[{"embeddable":true,"href":"https:\/\/www.caririemacao.com\/1\/wp-json\/wp\/v2\/users\/1"}],"replies":[{"embeddable":true,"href":"https:\/\/www.caririemacao.com\/1\/wp-json\/wp\/v2\/comments?post=140784"}],"version-history":[{"count":1,"href":"https:\/\/www.caririemacao.com\/1\/wp-json\/wp\/v2\/posts\/140784\/revisions"}],"predecessor-version":[{"id":140786,"href":"https:\/\/www.caririemacao.com\/1\/wp-json\/wp\/v2\/posts\/140784\/revisions\/140786"}],"wp:featuredmedia":[{"embeddable":true,"href":"https:\/\/www.caririemacao.com\/1\/wp-json\/wp\/v2\/media\/140785"}],"wp:attachment":[{"href":"https:\/\/www.caririemacao.com\/1\/wp-json\/wp\/v2\/media?parent=140784"}],"wp:term":[{"taxonomy":"category","embeddable":true,"href":"https:\/\/www.caririemacao.com\/1\/wp-json\/wp\/v2\/categories?post=140784"},{"taxonomy":"post_tag","embeddable":true,"href":"https:\/\/www.caririemacao.com\/1\/wp-json\/wp\/v2\/tags?post=140784"}],"curies":[{"name":"wp","href":"https:\/\/api.w.org\/{rel}","templated":true}]}}