{"id":140790,"date":"2019-12-13T15:00:03","date_gmt":"2019-12-13T18:00:03","guid":{"rendered":"http:\/\/www.caririemacao.com\/1\/?p=140790"},"modified":"2019-12-13T15:00:03","modified_gmt":"2019-12-13T18:00:03","slug":"prefeita-de-monteiro-parabeniza-bombeiros-funcionarios-municipais-e-moradores-que-participaram-do-combate-ao-incendio","status":"publish","type":"post","link":"https:\/\/www.caririemacao.com\/1\/2019\/12\/13\/prefeita-de-monteiro-parabeniza-bombeiros-funcionarios-municipais-e-moradores-que-participaram-do-combate-ao-incendio\/","title":{"rendered":"Prefeita de Monteiro parabeniza Bombeiros, funcion\u00e1rios municipais e moradores que participaram do combate ao inc\u00eandio"},"content":{"rendered":"\n<p>Na noite desta quinta-feira, 12, a prefeita de Monteiro encaminhou para a C\u00e2mara Municipal do munic\u00edpio mo\u00e7\u00f5es de aplausos e agradecimento aos membros da briosa for\u00e7a do Corpo de Bombeiros do Estado da Para\u00edba, bem como moradores das regi\u00f5es afetadas, al\u00e9m dos funcion\u00e1rios municipais, que est\u00e3o, de modo incans\u00e1vel, desde a segunda-feira, dia 09, atuando no combate ao criminoso inc\u00eandio que atinge consider\u00e1vel \u00e1rea de mata na Zona Rural do Munic\u00edpio.<\/p>\n\n\n\n<p>As mo\u00e7\u00f5es foram aprovadas unanimemente pelos vereadores presentes na sess\u00e3o em que o tema foi discutido.<\/p>\n\n\n\n<p>\u201cPrecisamos reconhecer os trabalhos de todos que est\u00e3o empenhados em ajudar as fam\u00edlias atingidas por este que podemos chamar de desastre. Os monteirenses s\u00e3o conhecidos pelo grande cora\u00e7\u00e3o e empatia, n\u00e3o esper\u00e1vamos atitude diferente, mas mesmo assim, a coragem e presteza devem e sempre ser\u00e3o reconhecidos. Como cidad\u00e3 monteirense, rendo a todos o meus sinceros agradecimentos e imenso orgulho. Parab\u00e9ns!\u201d, disse a prefeita Anna Lorena.<\/p>\n\n\n\n<p><strong>Inc\u00eandios na Zona Rural<\/strong><\/p>\n\n\n\n<p>A zona rural do munic\u00edpio de Monteiro vem sendo assolada por diversas queimadas e inc\u00eandios desde o \u00faltimo m\u00eas de novembro. Desde a \u00faltima segunda-feira, 9, o fogo se intensificou aumentando ainda mais a preocupa\u00e7\u00e3o com os moradores das localidades que j\u00e1 registram perdas e preju\u00edzos seja com planta\u00e7\u00f5es, colheitas e cria\u00e7\u00f5es.<\/p>\n\n\n\n<p>Na manh\u00e3 desta quinta-feira a prefeita Anna Lorena solicitou e foi atendida com a oferta de mais 12 bombeiros para integrar a equipe fortalecendo o combate ao fogo. Todas as equipes permaneceram no local dos inc\u00eandios recebendo total apoio da prefeitura e moradores sol\u00edcitos a situa\u00e7\u00e3o.<\/p>\n","protected":false},"excerpt":{"rendered":"<p>Na noite desta quinta-feira, 12, a prefeita de Monteiro encaminhou para a C\u00e2mara Municipal do munic\u00edpio mo\u00e7\u00f5es de aplausos e agradecimento aos membros da briosa&hellip; <\/p>\n","protected":false},"author":1,"featured_media":100539,"comment_status":"closed","ping_status":"closed","sticky":false,"template":"","format":"standard","meta":{"sfsi_plus_gutenberg_text_before_share":"","sfsi_plus_gutenberg_show_text_before_share":"","sfsi_plus_gutenberg_icon_type":"","sfsi_plus_gutenberg_icon_alignemt":"","sfsi_plus_gutenburg_max_per_row":"","footnotes":""},"categories":[6],"tags":[],"class_list":["post-140790","post","type-post","status-publish","format-standard","has-post-thumbnail","hentry","category-cidades"],"_links":{"self":[{"href":"https:\/\/www.caririemacao.com\/1\/wp-json\/wp\/v2\/posts\/140790","targetHints":{"allow":["GET"]}}],"collection":[{"href":"https:\/\/www.caririemacao.com\/1\/wp-json\/wp\/v2\/posts"}],"about":[{"href":"https:\/\/www.caririemacao.com\/1\/wp-json\/wp\/v2\/types\/post"}],"author":[{"embeddable":true,"href":"https:\/\/www.caririemacao.com\/1\/wp-json\/wp\/v2\/users\/1"}],"replies":[{"embeddable":true,"href":"https:\/\/www.caririemacao.com\/1\/wp-json\/wp\/v2\/comments?post=140790"}],"version-history":[{"count":1,"href":"https:\/\/www.caririemacao.com\/1\/wp-json\/wp\/v2\/posts\/140790\/revisions"}],"predecessor-version":[{"id":140791,"href":"https:\/\/www.caririemacao.com\/1\/wp-json\/wp\/v2\/posts\/140790\/revisions\/140791"}],"wp:featuredmedia":[{"embeddable":true,"href":"https:\/\/www.caririemacao.com\/1\/wp-json\/wp\/v2\/media\/100539"}],"wp:attachment":[{"href":"https:\/\/www.caririemacao.com\/1\/wp-json\/wp\/v2\/media?parent=140790"}],"wp:term":[{"taxonomy":"category","embeddable":true,"href":"https:\/\/www.caririemacao.com\/1\/wp-json\/wp\/v2\/categories?post=140790"},{"taxonomy":"post_tag","embeddable":true,"href":"https:\/\/www.caririemacao.com\/1\/wp-json\/wp\/v2\/tags?post=140790"}],"curies":[{"name":"wp","href":"https:\/\/api.w.org\/{rel}","templated":true}]}}