{"id":140796,"date":"2019-12-13T16:19:20","date_gmt":"2019-12-13T19:19:20","guid":{"rendered":"http:\/\/www.caririemacao.com\/1\/?p=140796"},"modified":"2019-12-13T16:19:20","modified_gmt":"2019-12-13T19:19:20","slug":"governo-lanca-programa-de-inovacao-tecnologica-para-o-nordeste-e-caprinovinocultura-do-cariri-ganhara-investimentos","status":"publish","type":"post","link":"https:\/\/www.caririemacao.com\/1\/2019\/12\/13\/governo-lanca-programa-de-inovacao-tecnologica-para-o-nordeste-e-caprinovinocultura-do-cariri-ganhara-investimentos\/","title":{"rendered":"Governo lan\u00e7a programa de inova\u00e7\u00e3o tecnol\u00f3gica para o Nordeste e caprinovinocultura do Cariri ganhar\u00e1 investimentos"},"content":{"rendered":"\n<p>O Minist\u00e9rio da Agricultura, Pecu\u00e1ria e Abastecimento (Mapa), por meio da Secretaria de Agricultura Familiar e Cooperativismo, investir\u00e1 R$ 7 milh\u00f5es na inova\u00e7\u00e3o tecnol\u00f3gica na produ\u00e7\u00e3o de caprinos e ovinos no Nordeste, uma das principais fontes de renda na regi\u00e3o. As a\u00e7\u00f5es, no \u00e2mbito do programa AgroNordeste, ser\u00e3o executadas pela Empresa Brasileira de Pesquisa Agropecu\u00e1ria (Embrapa).<\/p>\n\n\n\n<p>O termo de execu\u00e7\u00e3o para implementa\u00e7\u00e3o do programa AgroNordeste Agroind\u00fastria foi assinado nessa quarta-feira 11 pela ministra Tereza Cristina, pelo presidente da Embrapa, Celso Moretti, e pelo secret\u00e1rio de Agricultura Familiar e Cooperativismo do Mapa, Fernando Schwanke.<\/p>\n\n\n\n<p>O programa vai trabalhar com polos produtivos de caprinos e ovinos da Bacia do Jacu\u00edpe (BA), Cariri Paraibano (PB), Sert\u00e3o de Pernambuco (PE), Sert\u00e3o dos Inhamuns (CE) e Vale do Itaim (PI), abrangendo uma rota de apoio tecnol\u00f3gico de mais de 3 mil quil\u00f4metros, al\u00e9m da montagem de 20 unidades de refer\u00eancia tecnol\u00f3gica.<\/p>\n\n\n\n<p>A ideia \u00e9 incentivar solu\u00e7\u00f5es inovadoras, junto com assist\u00eancia t\u00e9cnica e cooperativismo, para a produ\u00e7\u00e3o sustent\u00e1vel e agrega\u00e7\u00e3o de valor aos produtos de carne, leite e derivados, contribuindo para o aumento da renda dos pequenos produtores, p\u00fablico-alvo do programa.<\/p>\n\n\n\n<p>Segundo o secret\u00e1rio Fernando Schawnke, o desenvolvimento do semi\u00e1rido passa pelo investimento na pecu\u00e1ria, principalmente na caprinovinocultura. Os recursos, assinalou, ser\u00e3o importantes para aprimorar a produ\u00e7\u00e3o na regi\u00e3o e incrementar a renda dos produtores. O semi\u00e1rido concentra 90% dos rebanhos caprinos e 60% dos ovinos do pa\u00eds, conforme dados da Embrapa.<\/p>\n\n\n\n<p><strong>Capacita\u00e7\u00e3o de 550 t\u00e9cnicos<\/strong><\/p>\n\n\n\n<p>Algumas das a\u00e7\u00f5es previstas s\u00e3o implanta\u00e7\u00e3o de estrat\u00e9gias para controle de parasitoses; capacita\u00e7\u00e3o de 550 t\u00e9cnicos e produtores locais em insemina\u00e7\u00e3o artificial de caprinos leiteiros, assessoramento nutricional e or\u00e7amenta\u00e7\u00e3o forrageira e implanta\u00e7\u00e3o de unidades com sistemas de Integra\u00e7\u00e3o Lavoura-Pecu\u00e1ria-Floresta (ILPF) para recupera\u00e7\u00e3o de \u00e1reas degradadas.<\/p>\n\n\n\n<p>Os recursos aplicados nos polos produtivos permitir\u00e3o ainda mais de 30 mil an\u00e1lises laboratoriais para controle de doen\u00e7as, instala\u00e7\u00e3o de uma central para certifica\u00e7\u00e3o da qualidade do leite e servi\u00e7o de assessoria nutricional na elabora\u00e7\u00e3o das dietas dos rebanhos.<\/p>\n\n\n\n<p>Outra meta \u00e9 a integra\u00e7\u00e3o entre agentes de pesquisa, t\u00e9cnicos de extens\u00e3o e produtores rurais por meio de videoconfer\u00eancias, canais permanentes de di\u00e1logo e interc\u00e2mbio de informa\u00e7\u00f5es.<\/p>\n","protected":false},"excerpt":{"rendered":"<p>O Minist\u00e9rio da Agricultura, Pecu\u00e1ria e Abastecimento (Mapa), por meio da Secretaria de Agricultura Familiar e Cooperativismo, investir\u00e1 R$ 7 milh\u00f5es na inova\u00e7\u00e3o tecnol\u00f3gica na&hellip; <\/p>\n","protected":false},"author":1,"featured_media":140797,"comment_status":"closed","ping_status":"closed","sticky":false,"template":"","format":"standard","meta":{"sfsi_plus_gutenberg_text_before_share":"","sfsi_plus_gutenberg_show_text_before_share":"","sfsi_plus_gutenberg_icon_type":"","sfsi_plus_gutenberg_icon_alignemt":"","sfsi_plus_gutenburg_max_per_row":"","footnotes":""},"categories":[2],"tags":[],"class_list":["post-140796","post","type-post","status-publish","format-standard","has-post-thumbnail","hentry","category-geral"],"_links":{"self":[{"href":"https:\/\/www.caririemacao.com\/1\/wp-json\/wp\/v2\/posts\/140796","targetHints":{"allow":["GET"]}}],"collection":[{"href":"https:\/\/www.caririemacao.com\/1\/wp-json\/wp\/v2\/posts"}],"about":[{"href":"https:\/\/www.caririemacao.com\/1\/wp-json\/wp\/v2\/types\/post"}],"author":[{"embeddable":true,"href":"https:\/\/www.caririemacao.com\/1\/wp-json\/wp\/v2\/users\/1"}],"replies":[{"embeddable":true,"href":"https:\/\/www.caririemacao.com\/1\/wp-json\/wp\/v2\/comments?post=140796"}],"version-history":[{"count":1,"href":"https:\/\/www.caririemacao.com\/1\/wp-json\/wp\/v2\/posts\/140796\/revisions"}],"predecessor-version":[{"id":140798,"href":"https:\/\/www.caririemacao.com\/1\/wp-json\/wp\/v2\/posts\/140796\/revisions\/140798"}],"wp:featuredmedia":[{"embeddable":true,"href":"https:\/\/www.caririemacao.com\/1\/wp-json\/wp\/v2\/media\/140797"}],"wp:attachment":[{"href":"https:\/\/www.caririemacao.com\/1\/wp-json\/wp\/v2\/media?parent=140796"}],"wp:term":[{"taxonomy":"category","embeddable":true,"href":"https:\/\/www.caririemacao.com\/1\/wp-json\/wp\/v2\/categories?post=140796"},{"taxonomy":"post_tag","embeddable":true,"href":"https:\/\/www.caririemacao.com\/1\/wp-json\/wp\/v2\/tags?post=140796"}],"curies":[{"name":"wp","href":"https:\/\/api.w.org\/{rel}","templated":true}]}}