{"id":140800,"date":"2019-12-13T16:20:13","date_gmt":"2019-12-13T19:20:13","guid":{"rendered":"http:\/\/www.caririemacao.com\/1\/?p=140800"},"modified":"2019-12-13T16:20:13","modified_gmt":"2019-12-13T19:20:13","slug":"prefeito-de-sao-jose-dos-cordeiros-assina-termo-de-adesao-ao-garanta-safra-2019-2020","status":"publish","type":"post","link":"https:\/\/www.caririemacao.com\/1\/2019\/12\/13\/prefeito-de-sao-jose-dos-cordeiros-assina-termo-de-adesao-ao-garanta-safra-2019-2020\/","title":{"rendered":"Prefeito de S\u00e3o Jos\u00e9 dos Cordeiros assina termo de ades\u00e3o ao Garanta Safra 2019\/2020"},"content":{"rendered":"\n<p>O prefeito Jefferson Roberto assinou nesta sexta-feira (13) o termo de ades\u00e3o ao programa Garantia Safra 2019\/2020. A assinatura se deu junto a Coordena\u00e7\u00e3o Estadual do programa e possibilitar\u00e1 aos agricultores cordeirenses receber o seguro em caso de perdas na safra por seca ou enchente durante o pr\u00f3ximo ano.<\/p>\n\n\n\n<p>O conv\u00eanio ainda possibilitar\u00e1 a Secretaria de Agricultura liberar os boletos para pagamento da contrapartida do agricultor e a Prefeitura pagar sua parcela de contribui\u00e7\u00e3o para o programa, que \u00e9 financiado pelos entes municipal, estadual e federal.<\/p>\n\n\n\n<p>O prefeito Jefferson Roberto disse que o apoio ao homem do campo em sua gest\u00e3o \u00e9 irrestrito e vai desde as atividades b\u00e1sicas a investimentos na melhoria da qualidade de vida da popula\u00e7\u00e3o que l\u00e1 habita. \u201cRealizamos perfura\u00e7\u00e3o de po\u00e7os, instala\u00e7\u00e3o de sistemas de dessaliniza\u00e7\u00e3o, constru\u00edmos banheiros, cortamos terra, limpamos barreiros e fazemos tudo que possa ajudar a conviv\u00eancia do homem do campo em seu habitat natural\u201d, pontuou.<\/p>\n","protected":false},"excerpt":{"rendered":"<p>O prefeito Jefferson Roberto assinou nesta sexta-feira (13) o termo de ades\u00e3o ao programa Garantia Safra 2019\/2020. A assinatura se deu junto a Coordena\u00e7\u00e3o Estadual&hellip; <\/p>\n","protected":false},"author":1,"featured_media":140801,"comment_status":"closed","ping_status":"closed","sticky":false,"template":"","format":"standard","meta":{"sfsi_plus_gutenberg_text_before_share":"","sfsi_plus_gutenberg_show_text_before_share":"","sfsi_plus_gutenberg_icon_type":"","sfsi_plus_gutenberg_icon_alignemt":"","sfsi_plus_gutenburg_max_per_row":"","footnotes":""},"categories":[6],"tags":[],"class_list":["post-140800","post","type-post","status-publish","format-standard","has-post-thumbnail","hentry","category-cidades"],"_links":{"self":[{"href":"https:\/\/www.caririemacao.com\/1\/wp-json\/wp\/v2\/posts\/140800","targetHints":{"allow":["GET"]}}],"collection":[{"href":"https:\/\/www.caririemacao.com\/1\/wp-json\/wp\/v2\/posts"}],"about":[{"href":"https:\/\/www.caririemacao.com\/1\/wp-json\/wp\/v2\/types\/post"}],"author":[{"embeddable":true,"href":"https:\/\/www.caririemacao.com\/1\/wp-json\/wp\/v2\/users\/1"}],"replies":[{"embeddable":true,"href":"https:\/\/www.caririemacao.com\/1\/wp-json\/wp\/v2\/comments?post=140800"}],"version-history":[{"count":1,"href":"https:\/\/www.caririemacao.com\/1\/wp-json\/wp\/v2\/posts\/140800\/revisions"}],"predecessor-version":[{"id":140802,"href":"https:\/\/www.caririemacao.com\/1\/wp-json\/wp\/v2\/posts\/140800\/revisions\/140802"}],"wp:featuredmedia":[{"embeddable":true,"href":"https:\/\/www.caririemacao.com\/1\/wp-json\/wp\/v2\/media\/140801"}],"wp:attachment":[{"href":"https:\/\/www.caririemacao.com\/1\/wp-json\/wp\/v2\/media?parent=140800"}],"wp:term":[{"taxonomy":"category","embeddable":true,"href":"https:\/\/www.caririemacao.com\/1\/wp-json\/wp\/v2\/categories?post=140800"},{"taxonomy":"post_tag","embeddable":true,"href":"https:\/\/www.caririemacao.com\/1\/wp-json\/wp\/v2\/tags?post=140800"}],"curies":[{"name":"wp","href":"https:\/\/api.w.org\/{rel}","templated":true}]}}