{"id":140803,"date":"2019-12-13T18:19:37","date_gmt":"2019-12-13T21:19:37","guid":{"rendered":"http:\/\/www.caririemacao.com\/1\/?p=140803"},"modified":"2019-12-13T18:19:37","modified_gmt":"2019-12-13T21:19:37","slug":"pt-cogita-lancar-candidatura-de-lula-a-prefeito-em-2020","status":"publish","type":"post","link":"https:\/\/www.caririemacao.com\/1\/2019\/12\/13\/pt-cogita-lancar-candidatura-de-lula-a-prefeito-em-2020\/","title":{"rendered":"PT cogita lan\u00e7ar candidatura de Lula a prefeito em 2020"},"content":{"rendered":"\n<p>Numa reuni\u00e3o da c\u00fapula do PT, que aconteceu nesta semana, houve cogita\u00e7\u00e3o para lan\u00e7ar uma candidatura do ex-presidente Lula a prefeito.<\/p>\n\n\n\n<p>A informa\u00e7\u00e3o \u00e9 da revista Veja.<\/p>\n\n\n\n<p>Lula foi solto no dia 8 de novembro ap\u00f3s decis\u00e3o do Supremo Tribunal Federal (STF) que reviu a posi\u00e7\u00e3o sobre o cumprimento de pena obrigat\u00f3rio a partir da condena\u00e7\u00e3o em segunda inst\u00e2ncia.<\/p>\n\n\n\n<p>Para que o petista possa&nbsp;ser candidato, uma sequ\u00eancia de eventos teria que ocorrer, incluindo absolvi\u00e7\u00f5es, anula\u00e7\u00e3o de senten\u00e7as e a suspei\u00e7\u00e3o do ex-juiz Sergio Moro.<\/p>\n\n\n\n<p>Caso a Segunda Turma do Tribunal Federal anular o processo do triplex, a estrat\u00e9gia tem tudo para prosperar.<\/p>\n","protected":false},"excerpt":{"rendered":"<p>Numa reuni\u00e3o da c\u00fapula do PT, que aconteceu nesta semana, houve cogita\u00e7\u00e3o para lan\u00e7ar uma candidatura do ex-presidente Lula a prefeito. A informa\u00e7\u00e3o \u00e9 da&hellip; <\/p>\n","protected":false},"author":1,"featured_media":96576,"comment_status":"closed","ping_status":"closed","sticky":false,"template":"","format":"standard","meta":{"sfsi_plus_gutenberg_text_before_share":"","sfsi_plus_gutenberg_show_text_before_share":"","sfsi_plus_gutenberg_icon_type":"","sfsi_plus_gutenberg_icon_alignemt":"","sfsi_plus_gutenburg_max_per_row":"","footnotes":""},"categories":[50,11],"tags":[],"class_list":["post-140803","post","type-post","status-publish","format-standard","has-post-thumbnail","hentry","category-destaque","category-politica"],"_links":{"self":[{"href":"https:\/\/www.caririemacao.com\/1\/wp-json\/wp\/v2\/posts\/140803","targetHints":{"allow":["GET"]}}],"collection":[{"href":"https:\/\/www.caririemacao.com\/1\/wp-json\/wp\/v2\/posts"}],"about":[{"href":"https:\/\/www.caririemacao.com\/1\/wp-json\/wp\/v2\/types\/post"}],"author":[{"embeddable":true,"href":"https:\/\/www.caririemacao.com\/1\/wp-json\/wp\/v2\/users\/1"}],"replies":[{"embeddable":true,"href":"https:\/\/www.caririemacao.com\/1\/wp-json\/wp\/v2\/comments?post=140803"}],"version-history":[{"count":1,"href":"https:\/\/www.caririemacao.com\/1\/wp-json\/wp\/v2\/posts\/140803\/revisions"}],"predecessor-version":[{"id":140804,"href":"https:\/\/www.caririemacao.com\/1\/wp-json\/wp\/v2\/posts\/140803\/revisions\/140804"}],"wp:featuredmedia":[{"embeddable":true,"href":"https:\/\/www.caririemacao.com\/1\/wp-json\/wp\/v2\/media\/96576"}],"wp:attachment":[{"href":"https:\/\/www.caririemacao.com\/1\/wp-json\/wp\/v2\/media?parent=140803"}],"wp:term":[{"taxonomy":"category","embeddable":true,"href":"https:\/\/www.caririemacao.com\/1\/wp-json\/wp\/v2\/categories?post=140803"},{"taxonomy":"post_tag","embeddable":true,"href":"https:\/\/www.caririemacao.com\/1\/wp-json\/wp\/v2\/tags?post=140803"}],"curies":[{"name":"wp","href":"https:\/\/api.w.org\/{rel}","templated":true}]}}