{"id":140805,"date":"2019-12-14T07:18:33","date_gmt":"2019-12-14T10:18:33","guid":{"rendered":"http:\/\/www.caririemacao.com\/1\/?p=140805"},"modified":"2019-12-14T07:18:33","modified_gmt":"2019-12-14T10:18:33","slug":"pagamento-extra-do-1-do-fpm-garantiu-13o-e-folha-de-dezembro-em-975-dos-municipios","status":"publish","type":"post","link":"https:\/\/www.caririemacao.com\/1\/2019\/12\/14\/pagamento-extra-do-1-do-fpm-garantiu-13o-e-folha-de-dezembro-em-975-dos-municipios\/","title":{"rendered":"Pagamento extra do 1% do FPM garantiu 13\u00ba e folha de dezembro em 97,5% dos munic\u00edpios"},"content":{"rendered":"\n<p>O pagamento do extra de 1% referente ao Fundo de Participa\u00e7\u00e3o dos Munic\u00edpios (FPM) recebido pelas prefeituras na semana passada foi fundamental para que 97,5% das gest\u00f5es paraibanas garantissem o pagamento do 13\u00ba sal\u00e1rio aos servidores municipais. Os recursos tamb\u00e9m foram imprescind\u00edveis para que 65,6% dos prefeitos fechassem o ano com a folha de dezembro em dia, segundo levantamento realizado pela Confedera\u00e7\u00e3o Nacional de Munic\u00edpios (CNM).<\/p>\n\n\n\n<p>Ainda em rela\u00e7\u00e3o ao pagamento do 13\u00ba sal\u00e1rio, foi constatado que 54,4% dos munic\u00edpios pesquisados optaram pela parcela \u00fanica. Para esses, 73% far\u00e3o o pagamento \u00fanico at\u00e9 20 de dezembro. Por outro lado, dos munic\u00edpios pesquisados, apenas 8% disseram que v\u00e3o atrasar o pagamento. &nbsp;Dos munic\u00edpios que optaram por parcelar o pagamento do 13\u00ba sal\u00e1rio, um total de 94,4% responderam j\u00e1 ter pago a primeira parte e 4% disseram pagar at\u00e9 o dia 20 de dezembro.<\/p>\n\n\n\n<p>\u201cA pesquisa feita pela CNM mostra como esse recurso extra foi fundamental para que os gestores pudessem pagar o 13\u00ba. Isso demonstra como as prefeituras est\u00e3o endividadas ou no limite financeiro para o cumprimento de suas obriga\u00e7\u00f5es. Precisamos rever nosso pacto federativo para garantir que a partilha de recursos seja justa para todos os entes\u201d, comentou George Coelho, presidente da Federa\u00e7\u00e3o dos Munic\u00edpios da Para\u00edba (Famup).<\/p>\n\n\n\n<p>Segundo o estudo, diante do cen\u00e1rio financeiro e do aumento de responsabilidades aos munic\u00edpios, uma das solu\u00e7\u00f5es encontradas para n\u00e3o ocorrer o atraso da folha de pagamentos de pessoal \u00e9 a posterga\u00e7\u00e3o dos pagamentos a fornecedores. Na Para\u00edba, 65% dos munic\u00edpios pesquisados disseram que est\u00e3o em atraso com o pagamento.<\/p>\n\n\n\n<p>Dentro desse processo de dificuldade financeira, 28,8% disseram que n\u00e3o conseguir fechar as contas este ano, mesmo tendo adotado medidas de economia. Das prefeituras ouvidas, 99 disseram que reduziram o quadro de funcion\u00e1rios; 55 desativaram ve\u00edculos; 37 desativaram equipamentos; 51 alteraram o hor\u00e1rio de expediente, 125 reduziram despesas de custeio; 13 reduziram sal\u00e1rios dos prefeitos e vereadores; 102 reduziram cargos comissionados e 12 chegaram a suspender presta\u00e7\u00f5es de servi\u00e7os como a coleta de lixo.<\/p>\n","protected":false},"excerpt":{"rendered":"<p>O pagamento do extra de 1% referente ao Fundo de Participa\u00e7\u00e3o dos Munic\u00edpios (FPM) recebido pelas prefeituras na semana passada foi fundamental para que 97,5%&hellip; <\/p>\n","protected":false},"author":1,"featured_media":65063,"comment_status":"closed","ping_status":"closed","sticky":false,"template":"","format":"standard","meta":{"sfsi_plus_gutenberg_text_before_share":"","sfsi_plus_gutenberg_show_text_before_share":"","sfsi_plus_gutenberg_icon_type":"","sfsi_plus_gutenberg_icon_alignemt":"","sfsi_plus_gutenburg_max_per_row":"","footnotes":""},"categories":[6],"tags":[],"class_list":["post-140805","post","type-post","status-publish","format-standard","has-post-thumbnail","hentry","category-cidades"],"_links":{"self":[{"href":"https:\/\/www.caririemacao.com\/1\/wp-json\/wp\/v2\/posts\/140805","targetHints":{"allow":["GET"]}}],"collection":[{"href":"https:\/\/www.caririemacao.com\/1\/wp-json\/wp\/v2\/posts"}],"about":[{"href":"https:\/\/www.caririemacao.com\/1\/wp-json\/wp\/v2\/types\/post"}],"author":[{"embeddable":true,"href":"https:\/\/www.caririemacao.com\/1\/wp-json\/wp\/v2\/users\/1"}],"replies":[{"embeddable":true,"href":"https:\/\/www.caririemacao.com\/1\/wp-json\/wp\/v2\/comments?post=140805"}],"version-history":[{"count":1,"href":"https:\/\/www.caririemacao.com\/1\/wp-json\/wp\/v2\/posts\/140805\/revisions"}],"predecessor-version":[{"id":140806,"href":"https:\/\/www.caririemacao.com\/1\/wp-json\/wp\/v2\/posts\/140805\/revisions\/140806"}],"wp:featuredmedia":[{"embeddable":true,"href":"https:\/\/www.caririemacao.com\/1\/wp-json\/wp\/v2\/media\/65063"}],"wp:attachment":[{"href":"https:\/\/www.caririemacao.com\/1\/wp-json\/wp\/v2\/media?parent=140805"}],"wp:term":[{"taxonomy":"category","embeddable":true,"href":"https:\/\/www.caririemacao.com\/1\/wp-json\/wp\/v2\/categories?post=140805"},{"taxonomy":"post_tag","embeddable":true,"href":"https:\/\/www.caririemacao.com\/1\/wp-json\/wp\/v2\/tags?post=140805"}],"curies":[{"name":"wp","href":"https:\/\/api.w.org\/{rel}","templated":true}]}}