{"id":140811,"date":"2019-12-14T07:57:54","date_gmt":"2019-12-14T10:57:54","guid":{"rendered":"http:\/\/www.caririemacao.com\/1\/?p=140811"},"modified":"2019-12-14T07:57:54","modified_gmt":"2019-12-14T10:57:54","slug":"por-meio-de-carta-aberta-professores-do-gira-mundo-israel-se-solidarizam-com-o-professor-ezequiel-sostenes-bezerra-farias","status":"publish","type":"post","link":"https:\/\/www.caririemacao.com\/1\/2019\/12\/14\/por-meio-de-carta-aberta-professores-do-gira-mundo-israel-se-solidarizam-com-o-professor-ezequiel-sostenes-bezerra-farias\/","title":{"rendered":"Por meio de Carta Aberta, professores do Gira Mundo-Israel se solidarizam com o professor Ezequiel S\u00f3stenes Bezerra Farias"},"content":{"rendered":"\n<p>Os professores Paraibanos que participaram do Programa Gira Mundo-Israel em 2019, escreveram uma Carta Aberta \u00e0 popula\u00e7\u00e3o Paraibana, onde se solidarizam com o Professor Ezequiel S\u00f3stenes Bezerra Farias, confira:<br>Viemos atrav\u00e9s deste intento manifestar nossos votos de apoio e solidariedade ao Professor da rede Estadual de Ensino, Ezequiel S\u00f3stenes Bezerra Farias, participante do programa Gira Mundo-Israel 2019.\u00a0<\/p>\n\n\n\n<p><br>Tendo em vista que \u00e9 de nosso conhecimento as dificuldades e barreiras burocr\u00e1ticas que o mesmo esta enfrentando para executar um projeto inovador que prega a constru\u00e7\u00e3o de dessalinizadores solares no ambiente escolar, trabalho que \u00e9 de grande valia para aprender a conviver com dignidade e excel\u00eancia no semi\u00e1rido nordestino.<\/p>\n\n\n\n<p><br>O programa Gira mundo Israel-2019, possibilitou a todos os professores participantes um contato direto com novas formas de enxergar e conviver com o semi\u00e1rido\/hiper\u00e1rido, bem como o conhecimento de novas t\u00e9cnicas para facilitar e melhorar a vida da popula\u00e7\u00e3o que habita essa regi\u00e3o. Conhecimento este que deve ser compartilhado com nossos discentes, para que assim como prev\u00ea a LDB 9394\/96,\u00a0eles se tornem cidad\u00e3os conscientes e capazes de transformar o ambiente em que vivem, exercendo cada vez mais o seu papel de agente transformador da sociedade.<\/p>\n\n\n\n<p><br>Destarte, privar os alunos de obter tal conhecimento \u00e9 uma ataque direto a educa\u00e7\u00e3o e aos direcionamentos da LDB 9394\/96, bem como diminui a qualidade de\u00a0ensino das escolas p\u00fablicas paraibanas, principalmente aquelas localizadas na regi\u00e3o semi\u00e1rida.Encerramos aqui, manifestando nosso total apoio a execu\u00e7\u00e3o deste projeto, bem como pedimos as autoridades competentes que tomem as provid\u00eancias para romper com qualquer entrave que possa prejudicar ou atrasar uma atividade que \u00e9 de grande contributo para desenvolvimento social da nossa regi\u00e3o semi\u00e1rida.<br><\/p>\n\n\n\n<p><strong>PROFESSORES GIRA MUNDO-ISAREL 2019:<\/strong><br><\/p>\n\n\n\n<p>Eraldo Eronides Maciel<\/p>\n\n\n\n<p>Raquel Priscila Ibiapino<\/p>\n\n\n\n<p>Euclides silvestre Pereira Neto<\/p>\n\n\n\n<p>Jailton Soares Vicente<\/p>\n\n\n\n<p>Helder Pablo Justino de Lima<\/p>\n\n\n\n<p>Claudio Reinke<\/p>\n\n\n\n<p>Marcos Aurelio da Silva Sousa<\/p>\n\n\n\n<p>Georgia Cristina de S. Oliveira<\/p>\n\n\n\n<p>Arthur Antunes Neves da Silva<\/p>\n\n\n\n<p>Herbert de Andrade Oliveira<\/p>\n\n\n\n<p>Marta Tamires<\/p>\n\n\n\n<p>Nelson Suassuna Sobrinho<\/p>\n\n\n\n<p>Rejane Farias<\/p>\n\n\n\n<p>Vlamick Paiva<\/p>\n\n\n\n<p>Marta Andrade Holanda<\/p>\n\n\n\n<p>Gra\u00e7a Pinto<\/p>\n\n\n\n<p>Rafael Leal da Silva<\/p>\n\n\n\n<p>Marcia Leite<\/p>\n\n\n\n<p>Irayldo Pereira Bezerra <\/p>\n","protected":false},"excerpt":{"rendered":"<p>Os professores Paraibanos que participaram do Programa Gira Mundo-Israel em 2019, escreveram uma Carta Aberta \u00e0 popula\u00e7\u00e3o Paraibana, onde se solidarizam com o Professor Ezequiel&hellip; <\/p>\n","protected":false},"author":1,"featured_media":140812,"comment_status":"closed","ping_status":"closed","sticky":false,"template":"","format":"standard","meta":{"sfsi_plus_gutenberg_text_before_share":"","sfsi_plus_gutenberg_show_text_before_share":"","sfsi_plus_gutenberg_icon_type":"","sfsi_plus_gutenberg_icon_alignemt":"","sfsi_plus_gutenburg_max_per_row":"","footnotes":""},"categories":[2],"tags":[],"class_list":["post-140811","post","type-post","status-publish","format-standard","has-post-thumbnail","hentry","category-geral"],"_links":{"self":[{"href":"https:\/\/www.caririemacao.com\/1\/wp-json\/wp\/v2\/posts\/140811","targetHints":{"allow":["GET"]}}],"collection":[{"href":"https:\/\/www.caririemacao.com\/1\/wp-json\/wp\/v2\/posts"}],"about":[{"href":"https:\/\/www.caririemacao.com\/1\/wp-json\/wp\/v2\/types\/post"}],"author":[{"embeddable":true,"href":"https:\/\/www.caririemacao.com\/1\/wp-json\/wp\/v2\/users\/1"}],"replies":[{"embeddable":true,"href":"https:\/\/www.caririemacao.com\/1\/wp-json\/wp\/v2\/comments?post=140811"}],"version-history":[{"count":1,"href":"https:\/\/www.caririemacao.com\/1\/wp-json\/wp\/v2\/posts\/140811\/revisions"}],"predecessor-version":[{"id":140813,"href":"https:\/\/www.caririemacao.com\/1\/wp-json\/wp\/v2\/posts\/140811\/revisions\/140813"}],"wp:featuredmedia":[{"embeddable":true,"href":"https:\/\/www.caririemacao.com\/1\/wp-json\/wp\/v2\/media\/140812"}],"wp:attachment":[{"href":"https:\/\/www.caririemacao.com\/1\/wp-json\/wp\/v2\/media?parent=140811"}],"wp:term":[{"taxonomy":"category","embeddable":true,"href":"https:\/\/www.caririemacao.com\/1\/wp-json\/wp\/v2\/categories?post=140811"},{"taxonomy":"post_tag","embeddable":true,"href":"https:\/\/www.caririemacao.com\/1\/wp-json\/wp\/v2\/tags?post=140811"}],"curies":[{"name":"wp","href":"https:\/\/api.w.org\/{rel}","templated":true}]}}