{"id":140814,"date":"2019-12-14T07:59:41","date_gmt":"2019-12-14T10:59:41","guid":{"rendered":"http:\/\/www.caririemacao.com\/1\/?p=140814"},"modified":"2019-12-14T07:59:41","modified_gmt":"2019-12-14T10:59:41","slug":"prefeitura-de-amparo-realizou-dia-d-de-combate-a-dengue","status":"publish","type":"post","link":"https:\/\/www.caririemacao.com\/1\/2019\/12\/14\/prefeitura-de-amparo-realizou-dia-d-de-combate-a-dengue\/","title":{"rendered":"Prefeitura de Amparo realizou dia \u201cD\u201d de combate a Dengue"},"content":{"rendered":"\n<p>A Prefeitura Municipal de Amparo, atrav\u00e9s das Secretarias de Sa\u00fade, Obras e Assist\u00eancia Social realizou na manh\u00e3 da ultima quinta-feira (12) o dia \u201cD\u201d contra a dengue.<br>Tendo como objetivo principal, mobilizar a popula\u00e7\u00e3o Amparense para combater o mosquito Aedes aegypti, transmissor da dengue, zika e chikungunya.<br><a href=\"https:\/\/1.bp.blogspot.com\/-csfH9Q9Q910\/XfQhOjNl73I\/AAAAAAABG04\/D7IJ6VxsWncr599QMh_vZBDVC-ev_9LWgCLcBGAsYHQ\/s1600\/DSC_0610.JPG\"><\/a><br>Os Agentes de Endemias, Agentes de Sa\u00fade, em parceria com os demais profissionais das secretarias que estiveram juntas nessa campanha percorreram v\u00e1rias ruas da cidade, eliminando focos e orientando a popula\u00e7\u00e3o com a distribui\u00e7\u00e3o de panfletos. <\/p>\n\n\n\n<p><\/p>\n\n\n\n<p>AMPARO LIGADO<\/p>\n","protected":false},"excerpt":{"rendered":"<p>A Prefeitura Municipal de Amparo, atrav\u00e9s das Secretarias de Sa\u00fade, Obras e Assist\u00eancia Social realizou na manh\u00e3 da ultima quinta-feira (12) o dia \u201cD\u201d contra&hellip; <\/p>\n","protected":false},"author":1,"featured_media":140815,"comment_status":"closed","ping_status":"closed","sticky":false,"template":"","format":"standard","meta":{"sfsi_plus_gutenberg_text_before_share":"","sfsi_plus_gutenberg_show_text_before_share":"","sfsi_plus_gutenberg_icon_type":"","sfsi_plus_gutenberg_icon_alignemt":"","sfsi_plus_gutenburg_max_per_row":"","footnotes":""},"categories":[6],"tags":[],"class_list":["post-140814","post","type-post","status-publish","format-standard","has-post-thumbnail","hentry","category-cidades"],"_links":{"self":[{"href":"https:\/\/www.caririemacao.com\/1\/wp-json\/wp\/v2\/posts\/140814","targetHints":{"allow":["GET"]}}],"collection":[{"href":"https:\/\/www.caririemacao.com\/1\/wp-json\/wp\/v2\/posts"}],"about":[{"href":"https:\/\/www.caririemacao.com\/1\/wp-json\/wp\/v2\/types\/post"}],"author":[{"embeddable":true,"href":"https:\/\/www.caririemacao.com\/1\/wp-json\/wp\/v2\/users\/1"}],"replies":[{"embeddable":true,"href":"https:\/\/www.caririemacao.com\/1\/wp-json\/wp\/v2\/comments?post=140814"}],"version-history":[{"count":1,"href":"https:\/\/www.caririemacao.com\/1\/wp-json\/wp\/v2\/posts\/140814\/revisions"}],"predecessor-version":[{"id":140816,"href":"https:\/\/www.caririemacao.com\/1\/wp-json\/wp\/v2\/posts\/140814\/revisions\/140816"}],"wp:featuredmedia":[{"embeddable":true,"href":"https:\/\/www.caririemacao.com\/1\/wp-json\/wp\/v2\/media\/140815"}],"wp:attachment":[{"href":"https:\/\/www.caririemacao.com\/1\/wp-json\/wp\/v2\/media?parent=140814"}],"wp:term":[{"taxonomy":"category","embeddable":true,"href":"https:\/\/www.caririemacao.com\/1\/wp-json\/wp\/v2\/categories?post=140814"},{"taxonomy":"post_tag","embeddable":true,"href":"https:\/\/www.caririemacao.com\/1\/wp-json\/wp\/v2\/tags?post=140814"}],"curies":[{"name":"wp","href":"https:\/\/api.w.org\/{rel}","templated":true}]}}