{"id":140819,"date":"2019-12-14T08:01:02","date_gmt":"2019-12-14T11:01:02","guid":{"rendered":"http:\/\/www.caririemacao.com\/1\/?p=140819"},"modified":"2019-12-14T08:01:02","modified_gmt":"2019-12-14T11:01:02","slug":"saque-complementar-do-fgts-sera-liberado-no-proximo-dia-20","status":"publish","type":"post","link":"https:\/\/www.caririemacao.com\/1\/2019\/12\/14\/saque-complementar-do-fgts-sera-liberado-no-proximo-dia-20\/","title":{"rendered":"Saque complementar do FGTS ser\u00e1 liberado no pr\u00f3ximo dia 20"},"content":{"rendered":"\n<p>A Caixa Econ\u00f4mica Federal vai liberar o saque complementar do Fundo de Garantia do Tempo de Servi\u00e7o (FGTS) a partir da pr\u00f3xima&nbsp;sexta-feira (20). Mais de 10 milh\u00f5es de pessoas ser\u00e3o beneficiadas, segundo o &nbsp;vice-presidente do Agente Operador da Caixa, Paulo Henrique Angelo Souza. A declara\u00e7\u00e3o foi feita em uma&nbsp;<a href=\"http:\/\/agenciabrasil.ebc.com.br\/economia\/noticia\/2019-12\/caixa-explica-regras-para-saque-imediato-do-fgts\" target=\"_blank\" rel=\"noreferrer noopener\">transmiss\u00e3o ao vivo<\/a>&nbsp;nas redes sociais para explicar sobre o novo limite de saque.<\/p>\n\n\n\n<p>S\u00f3&nbsp;ter\u00e1 direito ao saque extra quem tiver alguma conta de FGTS, ativa ou inativa, cujo saldo era de at\u00e9 R$ 998 (atual valor do sal\u00e1rio m\u00ednimo)&nbsp;em 24 de julho&nbsp;deste ano. Quem tiver saldo acima desse valor na conta do FGTS s\u00f3 poder\u00e1 retirar os R$ 500 originalmente previstos. O limite vale para cada conta, separadamente.<\/p>\n\n\n\n<p>O limite do saque imediato subiu com a san\u00e7\u00e3o da lei de convers\u00e3o de<a href=\"http:\/\/agenciabrasil.ebc.com.br\/agenciabrasil.ebc.com.br\/politica\/noticia\/2019-12\/bolsonaro-sanciona-lei-que-aumenta-limite-do-saque-imediato-do-fgts\">&nbsp;medida provis\u00f3ria n\u00ba 13.932\/2019<\/a>.<\/p>\n\n\n\n<p>Dessa forma, um trabalhador que tinha R$ 998 numa conta do FGTS e R$ 1 mil em outra conta at\u00e9&nbsp;24 de julho&nbsp;s\u00f3 poder\u00e1 sacar R$ 998 da primeira conta e R$ 500 da&nbsp;segunda. Nesse caso, se o trabalhador tiver retirado R$ 500 de cada conta na primeira etapa do saque imediato, poder\u00e1 sacar os R$ 498 restantes da primeira conta e n\u00e3o poder\u00e1 retirar mais nada da&nbsp;segunda.<\/p>\n\n\n\n<p>Para saber se tem direito ao saque adicional, o trabalhador deve consultar o extrato do FGTS na p\u00e1gina na&nbsp;<a href=\"http:\/\/www.caixa.gov.br\/Paginas\/home-caixa.aspx\" target=\"_blank\" rel=\"noreferrer noopener\">Caixa<\/a>&nbsp;na internet. A consulta tamb\u00e9m pode ser feita no aplicativo FGTS, dispon\u00edvel nos&nbsp;<em>smartphones&nbsp;<\/em>dos sistemas operacionais Android, iOS e em computadores com o sistema&nbsp;<em>Windows<\/em>.<\/p>\n\n\n\n<p>Para a consulta, basta o trabalhador digitar o n\u00famero do CPF e a senha para verificar o extrato. Caso n\u00e3o tenha senha ou tenha se esquecido, o trabalhador deve cadastrar uma nova senha, mas, para isso, deve&nbsp;ter&nbsp;em m\u00e3os o N\u00famero de Identifica\u00e7\u00e3o Social (NIS), que pode ser encontrado na carteira de trabalho, no cart\u00e3o do cidad\u00e3o ou no extrato impresso do FGTS.<\/p>\n\n\n\n<p>Ao acessar a conta, o trabalhador deve clicar no bot\u00e3o Extrato Completo, onde aparecem todas as contas do FGTS, ativas e inativas, em seu nome. O correntista dever\u00e1 clicar nas informa\u00e7\u00f5es de cada conta. Caso tenha saldo de at\u00e9 R$ 998 em&nbsp;24 de julho, poder\u00e1 sacar at\u00e9 esse limite.<\/p>\n\n\n\n<p>Se o trabalhador n\u00e3o tiver feito o saque imediato nos \u00faltimos meses, poder\u00e1 retirar at\u00e9 R$ 998 da conta com saldo de at\u00e9 um sal\u00e1rio m\u00ednimo. No entanto, caso j\u00e1 tenha feito a retirada, poder\u00e1 sacar a diferen\u00e7a entre R$ 500 e o saldo remanescente.<\/p>\n\n\n\n<h2 class=\"wp-block-heading\">Dep\u00f3sito autom\u00e1tico<\/h2>\n\n\n\n<p>Quem tem conta na Caixa vai receber o dep\u00f3sito complementar automaticamente. Para quem n\u00e3o tem conta, \u00e9 preciso buscar atendimento nas ag\u00eancias da Caixa, em terminais de autoatendimento e em casas lot\u00e9ricas. \u201cQuem n\u00e3o tem conta na Caixa saca nos terminais de autoatendimento, nas mais de 13 mil casas lot\u00e9ricas no Brasil\u201d, disse Souza. Ele explicou que n\u00e3o importa se a conta do FGTS \u00e9 ativa ou inativa para fazer o saque.<\/p>\n\n\n\n<p>O vice-presidente lembrou que no pr\u00f3ximo dia 18 tem in\u00edcio o pagamento do saque imediato para os trabalhadores nascidos em novembro e dezembro. Por isso, ag\u00eancias da Caixa ter\u00e3o o hor\u00e1rio de atendimento ampliado em 2 horas.<\/p>\n\n\n\n<p>O dinheiro do saque imediato ficar\u00e1 dispon\u00edvel at\u00e9 o dia 30 de mar\u00e7o de 2020.<\/p>\n\n\n\n<p><\/p>\n\n\n\n<p>EBC<\/p>\n","protected":false},"excerpt":{"rendered":"<p>A Caixa Econ\u00f4mica Federal vai liberar o saque complementar do Fundo de Garantia do Tempo de Servi\u00e7o (FGTS) a partir da pr\u00f3xima&nbsp;sexta-feira (20). Mais de&hellip; <\/p>\n","protected":false},"author":1,"featured_media":11779,"comment_status":"closed","ping_status":"closed","sticky":false,"template":"","format":"standard","meta":{"sfsi_plus_gutenberg_text_before_share":"","sfsi_plus_gutenberg_show_text_before_share":"","sfsi_plus_gutenberg_icon_type":"","sfsi_plus_gutenberg_icon_alignemt":"","sfsi_plus_gutenburg_max_per_row":"","footnotes":""},"categories":[2],"tags":[],"class_list":["post-140819","post","type-post","status-publish","format-standard","has-post-thumbnail","hentry","category-geral"],"_links":{"self":[{"href":"https:\/\/www.caririemacao.com\/1\/wp-json\/wp\/v2\/posts\/140819","targetHints":{"allow":["GET"]}}],"collection":[{"href":"https:\/\/www.caririemacao.com\/1\/wp-json\/wp\/v2\/posts"}],"about":[{"href":"https:\/\/www.caririemacao.com\/1\/wp-json\/wp\/v2\/types\/post"}],"author":[{"embeddable":true,"href":"https:\/\/www.caririemacao.com\/1\/wp-json\/wp\/v2\/users\/1"}],"replies":[{"embeddable":true,"href":"https:\/\/www.caririemacao.com\/1\/wp-json\/wp\/v2\/comments?post=140819"}],"version-history":[{"count":1,"href":"https:\/\/www.caririemacao.com\/1\/wp-json\/wp\/v2\/posts\/140819\/revisions"}],"predecessor-version":[{"id":140820,"href":"https:\/\/www.caririemacao.com\/1\/wp-json\/wp\/v2\/posts\/140819\/revisions\/140820"}],"wp:featuredmedia":[{"embeddable":true,"href":"https:\/\/www.caririemacao.com\/1\/wp-json\/wp\/v2\/media\/11779"}],"wp:attachment":[{"href":"https:\/\/www.caririemacao.com\/1\/wp-json\/wp\/v2\/media?parent=140819"}],"wp:term":[{"taxonomy":"category","embeddable":true,"href":"https:\/\/www.caririemacao.com\/1\/wp-json\/wp\/v2\/categories?post=140819"},{"taxonomy":"post_tag","embeddable":true,"href":"https:\/\/www.caririemacao.com\/1\/wp-json\/wp\/v2\/tags?post=140819"}],"curies":[{"name":"wp","href":"https:\/\/api.w.org\/{rel}","templated":true}]}}