{"id":140821,"date":"2019-12-14T08:04:00","date_gmt":"2019-12-14T11:04:00","guid":{"rendered":"http:\/\/www.caririemacao.com\/1\/?p=140821"},"modified":"2019-12-14T08:04:00","modified_gmt":"2019-12-14T11:04:00","slug":"vacinacao-contra-sarampo-atinge-994-das-criancas-de-ate-1-ano","status":"publish","type":"post","link":"https:\/\/www.caririemacao.com\/1\/2019\/12\/14\/vacinacao-contra-sarampo-atinge-994-das-criancas-de-ate-1-ano\/","title":{"rendered":"Vacina\u00e7\u00e3o contra sarampo atinge 99,4% das crian\u00e7as de at\u00e9 1 ano"},"content":{"rendered":"\n<p>A campanha nacional de vacina\u00e7\u00e3o contra o sarampo registrou o melhor \u00edndice dos \u00faltimos cinco anos, com \u00edndice de cobertura de 99,4% das crian\u00e7as de at\u00e9 um ano de idade. Com o resultado, o Brasil ultrapassou a meta de cobertura da vacina tr\u00edplice viral &#8211; contra sarampo, rub\u00e9ola e caxumba &#8211; estabelecida pelo Minist\u00e9rio da Sa\u00fade.<\/p>\n\n\n\n<p>No entanto, de acordo com a pasta, nove unidades federativas n\u00e3o atingiram a meta m\u00ednima, de 95%: Par\u00e1 (85,4%), Roraima (87,9%), Bahia (88,9%), Maranh\u00e3o (90%), Acre (91,4%), Piau\u00ed (91,9%), Distrito Federal (93,7%), S\u00e3o Paulo (93,9%) e Amap\u00e1 (94,9%).<\/p>\n\n\n\n<p>\u201cAinda temos cerca de 1,9 mil munic\u00edpios que, mesmo com a intensifica\u00e7\u00e3o das a\u00e7\u00f5es de vacina\u00e7\u00e3o por meio de campanhas, n\u00e3o conseguiram atingir a meta. Isso \u00e9 preocupante para 2020, porque ainda existe surto da doen\u00e7a no pa\u00eds\u201d, alertou por meio de nota o diretor do Departamento de Imuniza\u00e7\u00f5es e Doen\u00e7as Transmiss\u00edveis do Minist\u00e9rio da Sa\u00fade, Julio Croda.<\/p>\n\n\n\n<p>Ao longo do ano, foram realizadas duas etapas de vacina\u00e7\u00e3o contra o sarampo em munic\u00edpios fronteiri\u00e7os. Em S\u00e3o Paulo foi feita uma campanha de vacina\u00e7\u00e3o no meio do ano, ap\u00f3s o surgimento de alguns casos da doen\u00e7a, ap\u00f3s registro de surto em um navio atracado no Porto de Santos.<\/p>\n\n\n\n<p>Duas outras campanhas foram feitas em todo o pa\u00eds at\u00e9 o dia 30 de novembro. Uma destinada a crian\u00e7as de 6 meses a menores de 5 anos, e outra \u00e0 popula\u00e7\u00e3o de 20 a 29 anos.<\/p>\n","protected":false},"excerpt":{"rendered":"<p>A campanha nacional de vacina\u00e7\u00e3o contra o sarampo registrou o melhor \u00edndice dos \u00faltimos cinco anos, com \u00edndice de cobertura de 99,4% das crian\u00e7as de&hellip; <\/p>\n","protected":false},"author":1,"featured_media":118162,"comment_status":"closed","ping_status":"closed","sticky":false,"template":"","format":"standard","meta":{"sfsi_plus_gutenberg_text_before_share":"","sfsi_plus_gutenberg_show_text_before_share":"","sfsi_plus_gutenberg_icon_type":"","sfsi_plus_gutenberg_icon_alignemt":"","sfsi_plus_gutenburg_max_per_row":"","footnotes":""},"categories":[50,16],"tags":[],"class_list":["post-140821","post","type-post","status-publish","format-standard","has-post-thumbnail","hentry","category-destaque","category-saude"],"_links":{"self":[{"href":"https:\/\/www.caririemacao.com\/1\/wp-json\/wp\/v2\/posts\/140821","targetHints":{"allow":["GET"]}}],"collection":[{"href":"https:\/\/www.caririemacao.com\/1\/wp-json\/wp\/v2\/posts"}],"about":[{"href":"https:\/\/www.caririemacao.com\/1\/wp-json\/wp\/v2\/types\/post"}],"author":[{"embeddable":true,"href":"https:\/\/www.caririemacao.com\/1\/wp-json\/wp\/v2\/users\/1"}],"replies":[{"embeddable":true,"href":"https:\/\/www.caririemacao.com\/1\/wp-json\/wp\/v2\/comments?post=140821"}],"version-history":[{"count":1,"href":"https:\/\/www.caririemacao.com\/1\/wp-json\/wp\/v2\/posts\/140821\/revisions"}],"predecessor-version":[{"id":140822,"href":"https:\/\/www.caririemacao.com\/1\/wp-json\/wp\/v2\/posts\/140821\/revisions\/140822"}],"wp:featuredmedia":[{"embeddable":true,"href":"https:\/\/www.caririemacao.com\/1\/wp-json\/wp\/v2\/media\/118162"}],"wp:attachment":[{"href":"https:\/\/www.caririemacao.com\/1\/wp-json\/wp\/v2\/media?parent=140821"}],"wp:term":[{"taxonomy":"category","embeddable":true,"href":"https:\/\/www.caririemacao.com\/1\/wp-json\/wp\/v2\/categories?post=140821"},{"taxonomy":"post_tag","embeddable":true,"href":"https:\/\/www.caririemacao.com\/1\/wp-json\/wp\/v2\/tags?post=140821"}],"curies":[{"name":"wp","href":"https:\/\/api.w.org\/{rel}","templated":true}]}}