{"id":140824,"date":"2019-12-14T08:05:22","date_gmt":"2019-12-14T11:05:22","guid":{"rendered":"http:\/\/www.caririemacao.com\/1\/?p=140824"},"modified":"2019-12-14T08:05:22","modified_gmt":"2019-12-14T11:05:22","slug":"na-pb-mais-de-dois-mil-pescadores-recebem-auxilio-emergencial","status":"publish","type":"post","link":"https:\/\/www.caririemacao.com\/1\/2019\/12\/14\/na-pb-mais-de-dois-mil-pescadores-recebem-auxilio-emergencial\/","title":{"rendered":"Na PB, mais de dois mil pescadores recebem aux\u00edlio emergencial"},"content":{"rendered":"\n<p>A Caixa Econ\u00f4mica Federal inicia, nesta segunda-feira (16), o pagamento do aux\u00edlio emergencial para pescadores profissionais artesanais domiciliados em munic\u00edpios afetados pelo derramamento de \u00f3leo. Na Para\u00edba, 2.603 devem receber aux\u00edlio de R$ 1.996.<\/p>\n\n\n\n<p>O Aux\u00edlio Emergencial \u00e9 um benef\u00edcio financeiro possibilitado pela Medida Provis\u00f3ria (MP) n\u00ba 908\/2019, editada pelo Governo Federal no dia 29 de novembro. Cerca de 65 mil pescadores em todo o Brasil, ativos no Registro Geral da Atividade Pesqueira, que tiveram sua atividade profissional prejudicada at\u00e9 a data da edi\u00e7\u00e3o da MP, devem receber o benef\u00edcio de R$ 1.996, pago em duas parcelas de R$ 998 cada.<\/p>\n\n\n\n<p>Os pagamentos seguem o calend\u00e1rio de escalonamento dos benef\u00edcios sociais, como o Bolsa Fam\u00edlia, que estipula o dia do saque conforme o final do N\u00famero de Identifica\u00e7\u00e3o Social (NIS) do benefici\u00e1rio, conforme segue:<\/p>\n\n\n\n<p>Final do Nis: Finais 1, 2, 3, 4 e 5 recebe no dia 16 de dezembro; Final 6 no dia 17 dezembro; Final 7 no dia 18 de dezembro; Final 8 no dia 19 de dezembro; Final 9 no dia 20 de dezembro e Final 0 no dia 23 de dezembro.<\/p>\n\n\n\n<p>Os trabalhadores poder\u00e3o sacar os valores utilizando o cart\u00e3o social em qualquer canal da Caixa, como Casas Lot\u00e9ricas, terminais de autoatendimento e correspondentes Caixa Aqui. Quem n\u00e3o possui o cart\u00e3o poder\u00e1 sacar em qualquer ag\u00eancia do banco com a apresenta\u00e7\u00e3o de documento de identifica\u00e7\u00e3o com foto.<\/p>\n\n\n\n<p>O direito ao recebimento do aux\u00edlio emergencial pecuni\u00e1rio n\u00e3o interfere no recebimento de demais benef\u00edcios financeiros aos quais o pescador possa ter acesso, como o Programa Bolsa Fam\u00edlia ou Seguro Defeso e o saque poder\u00e1 ser realizado no mesmo momento do pagamento desses demais programas.<\/p>\n","protected":false},"excerpt":{"rendered":"<p>A Caixa Econ\u00f4mica Federal inicia, nesta segunda-feira (16), o pagamento do aux\u00edlio emergencial para pescadores profissionais artesanais domiciliados em munic\u00edpios afetados pelo derramamento de \u00f3leo.&hellip; <\/p>\n","protected":false},"author":1,"featured_media":89244,"comment_status":"closed","ping_status":"closed","sticky":false,"template":"","format":"standard","meta":{"sfsi_plus_gutenberg_text_before_share":"","sfsi_plus_gutenberg_show_text_before_share":"","sfsi_plus_gutenberg_icon_type":"","sfsi_plus_gutenberg_icon_alignemt":"","sfsi_plus_gutenburg_max_per_row":"","footnotes":""},"categories":[2],"tags":[],"class_list":["post-140824","post","type-post","status-publish","format-standard","has-post-thumbnail","hentry","category-geral"],"_links":{"self":[{"href":"https:\/\/www.caririemacao.com\/1\/wp-json\/wp\/v2\/posts\/140824","targetHints":{"allow":["GET"]}}],"collection":[{"href":"https:\/\/www.caririemacao.com\/1\/wp-json\/wp\/v2\/posts"}],"about":[{"href":"https:\/\/www.caririemacao.com\/1\/wp-json\/wp\/v2\/types\/post"}],"author":[{"embeddable":true,"href":"https:\/\/www.caririemacao.com\/1\/wp-json\/wp\/v2\/users\/1"}],"replies":[{"embeddable":true,"href":"https:\/\/www.caririemacao.com\/1\/wp-json\/wp\/v2\/comments?post=140824"}],"version-history":[{"count":1,"href":"https:\/\/www.caririemacao.com\/1\/wp-json\/wp\/v2\/posts\/140824\/revisions"}],"predecessor-version":[{"id":140825,"href":"https:\/\/www.caririemacao.com\/1\/wp-json\/wp\/v2\/posts\/140824\/revisions\/140825"}],"wp:featuredmedia":[{"embeddable":true,"href":"https:\/\/www.caririemacao.com\/1\/wp-json\/wp\/v2\/media\/89244"}],"wp:attachment":[{"href":"https:\/\/www.caririemacao.com\/1\/wp-json\/wp\/v2\/media?parent=140824"}],"wp:term":[{"taxonomy":"category","embeddable":true,"href":"https:\/\/www.caririemacao.com\/1\/wp-json\/wp\/v2\/categories?post=140824"},{"taxonomy":"post_tag","embeddable":true,"href":"https:\/\/www.caririemacao.com\/1\/wp-json\/wp\/v2\/tags?post=140824"}],"curies":[{"name":"wp","href":"https:\/\/api.w.org\/{rel}","templated":true}]}}