{"id":140830,"date":"2019-12-14T08:07:08","date_gmt":"2019-12-14T11:07:08","guid":{"rendered":"http:\/\/www.caririemacao.com\/1\/?p=140830"},"modified":"2019-12-14T08:07:08","modified_gmt":"2019-12-14T11:07:08","slug":"brasil-anuncia-candidatura-para-sediar-mundial-feminino-de-2023","status":"publish","type":"post","link":"https:\/\/www.caririemacao.com\/1\/2019\/12\/14\/brasil-anuncia-candidatura-para-sediar-mundial-feminino-de-2023\/","title":{"rendered":"Brasil anuncia candidatura para sediar Mundial Feminino de 2023"},"content":{"rendered":"\n<p>A Fifa anunciou nesta sexta-feira os pa\u00edses que ser\u00e3o candidatos a receber o Mundial Feminino de 2023. O Brasil se manteve na disputa e ter\u00e1 a concorr\u00eancia de Col\u00f4mbia, Jap\u00e3o e de Austr\u00e1lia e Nova Zel\u00e2ndia, estes dois \u00faltimos que uniram suas candidaturas.<\/p>\n\n\n\n<p>O prazo para enviar \u00e0 Fifa o livro da candidatura, o compromisso para ser organizador e os documentos exigidos para se converter em anfitri\u00e3o da competi\u00e7\u00e3o se encerrou nesta sexta-feira, e a entidade m\u00e1xima do futebol mundial apresentou as quatro candidaturas, revelando que Argentina, \u00c1frica do Sul e Coreia do Sul, em conjunto com a Coreia do Norte, desistiram. Todo o material foi publicado no site oficial do \u00f3rg\u00e3o.<\/p>\n\n\n\n<p>Agora, os pa\u00edses ser\u00e3o submetidos a um processo de avalia\u00e7\u00e3o, incluindo visitas de equipes de inspe\u00e7\u00e3o \u00e0s federa\u00e7\u00f5es que devem ocorrer entre janeiro e fevereiro de 2020. Uma vez finalizado este processo, o anfitri\u00e3o ser\u00e1 anunciado em junho do pr\u00f3ximo ano, durante o congresso anual da entidade em Addis Ababa, na Eti\u00f3pia.<\/p>\n\n\n\n<p>\u201cA (Copa) da Fran\u00e7a em 2019 foi certamente um momento decisivo para o futebol feminino, e agora \u00e9 responsabilidade da Fifa tomar medidas concretas para continuar promovendo o incr\u00edvel crescimento do jogo. Com a Copa do Mundo Feminina gerando um interesse sem precedentes entre as federa\u00e7\u00f5es, estamos garantindo que o processo de sele\u00e7\u00e3o dos anfitri\u00f5es seja cont\u00ednuo, objetivo, \u00e9tico e transparente. Quando o Conselho da FIFA anunciar os anfitri\u00f5es, n\u00e3o deve haver d\u00favida alguma sobre o motivo dessa escolha\u201d, afirmou o presidente da Fifa, Gianni Infantino.<\/p>\n\n\n\n<p>A edi\u00e7\u00e3o de 2023 do Mundial Feminino ser\u00e1 a primeira a contar com 32 equipes, o mesmo n\u00famero de sele\u00e7\u00f5es da Copa Masculina.<\/p>\n\n\n\n<p>CANDIDATURA BRASILEIRA \u2013 A CBF cr\u00ea que est\u00e1 forte na disputa para que o Brasil seja sede do Mundial. A entidade que rege o futebol brasileiro apresentou em seu livro enviado \u00e0 Fifa motivos para convencer a entidade de que est\u00e1 apta a receber o evento.<\/p>\n\n\n\n<p>\u201cA Fifa j\u00e1 demonstrou que confia na nossa capacidade de realizar eventos deste porte. Eu tenho repetido que a partir de agora a CBF ser\u00e1 candidata a receber todas as grandes competi\u00e7\u00f5es do futebol mundial, pois temos experi\u00eancia e equipamentos comprovadamente de excel\u00eancia. Sabemos que temos fortes concorrentes, mas acreditamos na possibilidade de termos mais uma Copa do Mundo no Brasil\u201d, avaliou o presidente da CBF, Rog\u00e9rio Caboclo.<\/p>\n\n\n\n<p>Na carta que abre o livro e est\u00e1 assinada por Caboclo, a CBF destaca o desenvolvimento do futebol feminino no Brasil, ressaltando a contrata\u00e7\u00e3o de treinadoras para os times de base, a chegada da t\u00e9cnica sueca bicampe\u00e3 ol\u00edmpica Pia Sundhage para comandar a sele\u00e7\u00e3o principal e a cria\u00e7\u00e3o de um calend\u00e1rio exclusivo para a modalidade a partir de 2020, com cinco competi\u00e7\u00f5es nacionais. Al\u00e9m disso, tamb\u00e9m salienta o fato de o Pa\u00eds ter sido sede de grandes eventos recentemente, como a Copa do Mundo Masculina, em 2014, e a Olimp\u00edada, em 2016.<\/p>\n\n\n\n<p>A CBF apresentou oito cidades como sedes: Belo Horizonte (Mineir\u00e3o), Bras\u00edlia (Man\u00e9 Garrincha), Manaus (Arena da Amaz\u00f4nia), Porto Alegre (Beira-Rio), Recife (Arena de Pernambuco), Rio de Janeiro (Maracan\u00e3), Salvador (Fonte Nova) e S\u00e3o Paulo (Arena Corinthians), com o Maracan\u00e3 sendo palco da grande final. A entidade sugere que o torneio seja realizado entre 13 de julho e 13 de agosto de 2023.<\/p>\n\n\n\n<p>Eleita seis vezes a melhor jogadora do mundo pela Fifa, Marta aparece em destaque no documento. A imagem forte e vitoriosa dela \u00e9 usada pela CBF como um ponto importante para que o Brasil ven\u00e7a a disputa.<\/p>\n\n\n\n<p>\u201cEstamos passando por um momento muito especial no Brasil com o futebol feminino. Obviamente a Copa do Mundo na Fran\u00e7a e toda o visibilidade que tivemos contribuiu muito para que os brasileiros possam acordar sobre o futebol feminino e ver o esporte sob uma luz melhor e mais atenta\u201d, disse no texto.<\/p>\n","protected":false},"excerpt":{"rendered":"<p>A Fifa anunciou nesta sexta-feira os pa\u00edses que ser\u00e3o candidatos a receber o Mundial Feminino de 2023. O Brasil se manteve na disputa e ter\u00e1&hellip; <\/p>\n","protected":false},"author":1,"featured_media":48365,"comment_status":"closed","ping_status":"closed","sticky":false,"template":"","format":"standard","meta":{"sfsi_plus_gutenberg_text_before_share":"","sfsi_plus_gutenberg_show_text_before_share":"","sfsi_plus_gutenberg_icon_type":"","sfsi_plus_gutenberg_icon_alignemt":"","sfsi_plus_gutenburg_max_per_row":"","footnotes":""},"categories":[13],"tags":[],"class_list":["post-140830","post","type-post","status-publish","format-standard","has-post-thumbnail","hentry","category-esportes"],"_links":{"self":[{"href":"https:\/\/www.caririemacao.com\/1\/wp-json\/wp\/v2\/posts\/140830","targetHints":{"allow":["GET"]}}],"collection":[{"href":"https:\/\/www.caririemacao.com\/1\/wp-json\/wp\/v2\/posts"}],"about":[{"href":"https:\/\/www.caririemacao.com\/1\/wp-json\/wp\/v2\/types\/post"}],"author":[{"embeddable":true,"href":"https:\/\/www.caririemacao.com\/1\/wp-json\/wp\/v2\/users\/1"}],"replies":[{"embeddable":true,"href":"https:\/\/www.caririemacao.com\/1\/wp-json\/wp\/v2\/comments?post=140830"}],"version-history":[{"count":1,"href":"https:\/\/www.caririemacao.com\/1\/wp-json\/wp\/v2\/posts\/140830\/revisions"}],"predecessor-version":[{"id":140831,"href":"https:\/\/www.caririemacao.com\/1\/wp-json\/wp\/v2\/posts\/140830\/revisions\/140831"}],"wp:featuredmedia":[{"embeddable":true,"href":"https:\/\/www.caririemacao.com\/1\/wp-json\/wp\/v2\/media\/48365"}],"wp:attachment":[{"href":"https:\/\/www.caririemacao.com\/1\/wp-json\/wp\/v2\/media?parent=140830"}],"wp:term":[{"taxonomy":"category","embeddable":true,"href":"https:\/\/www.caririemacao.com\/1\/wp-json\/wp\/v2\/categories?post=140830"},{"taxonomy":"post_tag","embeddable":true,"href":"https:\/\/www.caririemacao.com\/1\/wp-json\/wp\/v2\/tags?post=140830"}],"curies":[{"name":"wp","href":"https:\/\/api.w.org\/{rel}","templated":true}]}}