{"id":140833,"date":"2019-12-14T08:09:18","date_gmt":"2019-12-14T11:09:18","guid":{"rendered":"http:\/\/www.caririemacao.com\/1\/?p=140833"},"modified":"2019-12-14T08:09:18","modified_gmt":"2019-12-14T11:09:18","slug":"joao-azevedo-endurece-discurso-contra-oposicao","status":"publish","type":"post","link":"https:\/\/www.caririemacao.com\/1\/2019\/12\/14\/joao-azevedo-endurece-discurso-contra-oposicao\/","title":{"rendered":"Jo\u00e3o Azev\u00eado endurece discurso contra oposi\u00e7\u00e3o"},"content":{"rendered":"\n<p>O governador do Estado, Jo\u00e3o Azev\u00eado (sem partido), acusou parlamentares de utilizar o Projeto de Lei Complementar que altera o regime previdenci\u00e1rio do Estado, e est\u00e1 em tramita\u00e7\u00e3o na Assembleia, para fazer jogo pol\u00edtico. As declara\u00e7\u00f5es aconteceram enquanto ele cumpria sua agenda pol\u00edtica no munic\u00edpio de Guarabira, nesta sexta-feira (13).<\/p>\n\n\n\n<p>Jo\u00e3o afirmou que \u2018meia d\u00fazia de malandros tem a inten\u00e7\u00e3o de se candidatar nas elei\u00e7\u00f5es de 2020 e fica fazendo jogo pol\u00edtico\u2019. Sem citar nomes, o gestor citou que h\u00e1 parlamentares do munic\u00edpio com essa postura.&nbsp;&nbsp;\u201cAqui da cidade [Guarabira] tem um deputado que est\u00e1 fazendo isso\u201d, indicou.<\/p>\n\n\n\n<p>A declara\u00e7\u00e3o vem ap\u00f3s a oposi\u00e7\u00e3o ter adiado e judicializado, atrav\u00e9s de uma a\u00e7\u00e3o movida pelo deputado Raniery Paulino (MDB), a aprecia\u00e7\u00e3o do Projeto de Lei Complementar que altera o regime previdenci\u00e1rio do Estado. Na assembleia, Paulino e Camila Toscano representam a cidade.<\/p>\n\n\n\n<p>\u201cEst\u00e1 na Assembleia dizendo que \u00e9 contra reforma, mas seu partido votou em Bras\u00edlia a favor da reforma. Como \u00e9 que fica isso?\u201d, indagou o gestor.<\/p>\n\n\n\n<p>Azev\u00eado definiu a postura do deputado, que n\u00e3o foi identificado por ele, como \u2018hipocrisia pol\u00edtica\u2019 e cobrou coer\u00eancia. \u201cQuer fazer discuss\u00e3o s\u00e9ria, correta, vamos sentar e discutir; agora ter um discurso para fora e um discurso para dentro, comigo n\u00e3o funciona\u201d, finalizou.<\/p>\n\n\n\n<p><strong>Assista:<\/strong><\/p>\n\n\n\n<figure><iframe width=\"590\" height=\"345\" data-src=\"https:\/\/www.youtube.com\/embed\/ynL-7f0h6S0?theme=light&amp;autohide=1&amp;showinfo=0;wmode=transparent;border=none;iv_load_policy=1;rel=0\" allowfullscreen=\"\" src=\"data:image\/svg+xml;base64,PHN2ZyB3aWR0aD0iMSIgaGVpZ2h0PSIxIiB4bWxucz0iaHR0cDovL3d3dy53My5vcmcvMjAwMC9zdmciPjwvc3ZnPg==\" class=\"lazyload\" data-load-mode=\"1\"><\/iframe><\/figure>\n\n\n\n<p><strong>Oposi\u00e7\u00e3o reage<\/strong><\/p>\n\n\n\n<p>L\u00edder da oposi\u00e7\u00e3o, Raniery Paulino contestou a postura do governador e fez uma sugest\u00e3o ao gestor: \u201cPesquise um pouco sobre meu trabalho, reavalie e refa\u00e7a a fala\u201d, disse. Paulino ainda disse estar pronto para debater com o gestor de forma t\u00e9cnica e afirmou ser coerente. \u201cEstou pronto para discutir com qualquer pol\u00edtico\u201d, ressaltou.<\/p>\n\n\n\n<p>Wallber Virgulino (Patriota) considerou a fala de Jo\u00e3o uma \u2018afrontosa e desnecess\u00e1ria agress\u00e3o \u00e0 atua\u00e7\u00e3o dos Deputados Estaduais\u2019. Em nota de rep\u00fadio, Virgulino disse ainda que o governador quebrou o discurso. \u201cN\u00e3o nos calaremos\u201d, disse.<\/p>\n\n\n\n<p><strong>MaisPB<\/strong><\/p>\n","protected":false},"excerpt":{"rendered":"<p>O governador do Estado, Jo\u00e3o Azev\u00eado (sem partido), acusou parlamentares de utilizar o Projeto de Lei Complementar que altera o regime previdenci\u00e1rio do Estado, e&hellip; <\/p>\n","protected":false},"author":1,"featured_media":101120,"comment_status":"closed","ping_status":"closed","sticky":false,"template":"","format":"standard","meta":{"sfsi_plus_gutenberg_text_before_share":"","sfsi_plus_gutenberg_show_text_before_share":"","sfsi_plus_gutenberg_icon_type":"","sfsi_plus_gutenberg_icon_alignemt":"","sfsi_plus_gutenburg_max_per_row":"","footnotes":""},"categories":[11],"tags":[],"class_list":["post-140833","post","type-post","status-publish","format-standard","has-post-thumbnail","hentry","category-politica"],"_links":{"self":[{"href":"https:\/\/www.caririemacao.com\/1\/wp-json\/wp\/v2\/posts\/140833","targetHints":{"allow":["GET"]}}],"collection":[{"href":"https:\/\/www.caririemacao.com\/1\/wp-json\/wp\/v2\/posts"}],"about":[{"href":"https:\/\/www.caririemacao.com\/1\/wp-json\/wp\/v2\/types\/post"}],"author":[{"embeddable":true,"href":"https:\/\/www.caririemacao.com\/1\/wp-json\/wp\/v2\/users\/1"}],"replies":[{"embeddable":true,"href":"https:\/\/www.caririemacao.com\/1\/wp-json\/wp\/v2\/comments?post=140833"}],"version-history":[{"count":1,"href":"https:\/\/www.caririemacao.com\/1\/wp-json\/wp\/v2\/posts\/140833\/revisions"}],"predecessor-version":[{"id":140834,"href":"https:\/\/www.caririemacao.com\/1\/wp-json\/wp\/v2\/posts\/140833\/revisions\/140834"}],"wp:featuredmedia":[{"embeddable":true,"href":"https:\/\/www.caririemacao.com\/1\/wp-json\/wp\/v2\/media\/101120"}],"wp:attachment":[{"href":"https:\/\/www.caririemacao.com\/1\/wp-json\/wp\/v2\/media?parent=140833"}],"wp:term":[{"taxonomy":"category","embeddable":true,"href":"https:\/\/www.caririemacao.com\/1\/wp-json\/wp\/v2\/categories?post=140833"},{"taxonomy":"post_tag","embeddable":true,"href":"https:\/\/www.caririemacao.com\/1\/wp-json\/wp\/v2\/tags?post=140833"}],"curies":[{"name":"wp","href":"https:\/\/api.w.org\/{rel}","templated":true}]}}