{"id":140849,"date":"2019-12-14T08:23:06","date_gmt":"2019-12-14T11:23:06","guid":{"rendered":"http:\/\/www.caririemacao.com\/1\/?p=140849"},"modified":"2019-12-14T08:23:06","modified_gmt":"2019-12-14T11:23:06","slug":"flamengo-embarca-em-busca-do-bicampeonato-mundial-no-qatar","status":"publish","type":"post","link":"https:\/\/www.caririemacao.com\/1\/2019\/12\/14\/flamengo-embarca-em-busca-do-bicampeonato-mundial-no-qatar\/","title":{"rendered":"Flamengo embarca em busca do bicampeonato Mundial no Qatar"},"content":{"rendered":"\n<p>A torcida do Flamengo se despediu da equipe antes do Mundial de Clubes na tarde desta sexta-feira (13), no Rio de Janeiro. Centenas de torcedores compareceram ao aeroporto do Gale\u00e3o para desejar boa sorte ao time, que embarcou rumo ao Qatar.<\/p>\n\n\n\n<p>O \u00f4nibus com a delega\u00e7\u00e3o entrou pelo terminal de cargas do aeroporto por volta das 14h30, recepcionado por bandeiras, fogos, roj\u00f5es e muitos gritos e correria por parte dos torcedores que aguardavam no gramado em frente ao local. O voo com destino ao Qatar deve sair \u00e0s 16h30.<\/p>\n\n\n\n<p>Em meio aos cantos de apoio ao time, a torcida do Flamengo voltou a provocar o Palmeiras, que brigou pelo t\u00edtulo brasileiro com o time rubro-negro, mas ficou em terceiro.<\/p>\n\n\n\n<p>\u201cPalmeiras n\u00e3o tem Mundial, n\u00e3o tem Copinha, n\u00e3o tem Mundial\u201d, cantaram os flamenguistas.<\/p>\n\n\n\n<p>A campanha para comparecer no adeus ao time se arrastou por toda semana nas redes sociais. Com a hashtag \u201cAeroFla\u201d, os flamenguistas combinaram de realizar uma grande festa na despedida da equipe.<\/p>\n\n\n\n<p>O clube fez um planejamento de seguran\u00e7a junto \u00e0s autoridades do Rio de Janeiro para evitar confus\u00e3o. Teve refor\u00e7o de policiamento na sa\u00edda do \u00f4nibus da delega\u00e7\u00e3o, no Ninho do Urubu, at\u00e9 a entrada do Terminal de Cargas do Aeroporto Internacional Tom Jobim, o Gale\u00e3o, na Ilha do Governador.<\/p>\n\n\n\n<p>A prefeitura tamb\u00e9m anunciou na \u00faltima ter\u00e7a (10) um esquema especial de tr\u00e2nsito para assegurar que o deslocamento da delega\u00e7\u00e3o do Flamengo pudesse acontecer de forma organizada. O objetivo era evitar um grande tumulto ao longo do trajeto.<\/p>\n\n\n\n<p>No embarque da delega\u00e7\u00e3o rubro-negra para Lima, no Peru, quando o Flamengo viajou para a final da Copa Libertadores, uma multid\u00e3o j\u00e1 havia ido \u00e0s ruas do Rio para acompanhar a sa\u00edda do time. Na ocasi\u00e3o, os milhares de torcedores chegaram a derrubar uma grade de seguran\u00e7a no aeroporto.<\/p>\n\n\n\n<p>O Flamengo chegou a pedir que os torcedores n\u00e3o se aglomerassem nas imedia\u00e7\u00f5es do Ninho do Urubu e do Gale\u00e3o, alegando que qualquer interfer\u00eancia nas vias poderia atrasar o deslocamento da delega\u00e7\u00e3o e tamb\u00e9m a programa\u00e7\u00e3o dos atletas antes da viagem.<\/p>\n\n\n\n<p>Os torcedores rubro-negros compareceram em grande n\u00famero, tanto no Centro de Treinamento quanto no aeroporto, debaixo de um forte calor na cidade do Rio de Janeiro.<\/p>\n\n\n\n<p>O torcedor F\u00e1bio L\u00facio Santos de Souza, 44 anos, se fantasiou de Homem de Ferro para ver a sa\u00edda do time rubro-negro.<\/p>\n\n\n\n<p>\u201cSempre me visto de super-her\u00f3i no Carnaval. A\u00ed esse ano fui no Maracan\u00e3 em um jogo com o Madureira, todos gostaram da roupa e desde ent\u00e3o tenho ido direto\u201d, contou o torcedor, que n\u00e3o vai ao Qatar acompanhar a equipe por falta de verba.<\/p>\n\n\n\n<p>\u201cMas estou providenciando uma roupa nova de Homem de Ferro toda rubro-negra\u201d, contou ele, que veio de Duque de Caxias.<\/p>\n\n\n\n<p>J\u00e1 o comerciante Bruno Freitas, 26, aproveitou a folga no trabalho para se despedir da equipe. \u201cN\u00e3o tinha como n\u00e3o vir\u201d, disse o flamenguista, que mora na zona norte do Rio de Janeiro.<\/p>\n\n\n\n<p>O time rubro-negro treinou normalmente na manh\u00e3 desta sexta, em atividade a portas fechadas no CT que come\u00e7ou \u00e0s 10h. Os atletas almo\u00e7aram por volta de 12h antes de seguir para o aeroporto, onde viajar\u00e3o para Doha, no Qatar.<\/p>\n\n\n\n<p>O Flamengo estreia no Mundial na pr\u00f3xima ter\u00e7a-feira (17), \u00e0s 14h30, contra o vencedor do duelo entre Al-Hilal, da Ar\u00e1bia Saudita, e Esper\u00e1nce Tunis, da Tun\u00edsia. Depois, a equipe brasileira entra em campo novamente no dia 21 para fechar a temporada ou na decis\u00e3o do torneio ou na disputa pelo terceiro lugar.<\/p>\n\n\n\n<p>Em 2019, a equipe foi campe\u00e3 da Copa Libertadores ap\u00f3s eliminar Internacional e Gr\u00eamio e vencer o River Plate, da Argentina, na decis\u00e3o. A equipe rubro-negra tamb\u00e9m foi campe\u00e3 brasileira e carioca, e vai brigar pelo quarto t\u00edtulo da temporada no Qatar.<\/p>\n","protected":false},"excerpt":{"rendered":"<p>A torcida do Flamengo se despediu da equipe antes do Mundial de Clubes na tarde desta sexta-feira (13), no Rio de Janeiro. Centenas de torcedores&hellip; <\/p>\n","protected":false},"author":1,"featured_media":140850,"comment_status":"closed","ping_status":"closed","sticky":false,"template":"","format":"standard","meta":{"sfsi_plus_gutenberg_text_before_share":"","sfsi_plus_gutenberg_show_text_before_share":"","sfsi_plus_gutenberg_icon_type":"","sfsi_plus_gutenberg_icon_alignemt":"","sfsi_plus_gutenburg_max_per_row":"","footnotes":""},"categories":[13],"tags":[],"class_list":["post-140849","post","type-post","status-publish","format-standard","has-post-thumbnail","hentry","category-esportes"],"_links":{"self":[{"href":"https:\/\/www.caririemacao.com\/1\/wp-json\/wp\/v2\/posts\/140849","targetHints":{"allow":["GET"]}}],"collection":[{"href":"https:\/\/www.caririemacao.com\/1\/wp-json\/wp\/v2\/posts"}],"about":[{"href":"https:\/\/www.caririemacao.com\/1\/wp-json\/wp\/v2\/types\/post"}],"author":[{"embeddable":true,"href":"https:\/\/www.caririemacao.com\/1\/wp-json\/wp\/v2\/users\/1"}],"replies":[{"embeddable":true,"href":"https:\/\/www.caririemacao.com\/1\/wp-json\/wp\/v2\/comments?post=140849"}],"version-history":[{"count":1,"href":"https:\/\/www.caririemacao.com\/1\/wp-json\/wp\/v2\/posts\/140849\/revisions"}],"predecessor-version":[{"id":140851,"href":"https:\/\/www.caririemacao.com\/1\/wp-json\/wp\/v2\/posts\/140849\/revisions\/140851"}],"wp:featuredmedia":[{"embeddable":true,"href":"https:\/\/www.caririemacao.com\/1\/wp-json\/wp\/v2\/media\/140850"}],"wp:attachment":[{"href":"https:\/\/www.caririemacao.com\/1\/wp-json\/wp\/v2\/media?parent=140849"}],"wp:term":[{"taxonomy":"category","embeddable":true,"href":"https:\/\/www.caririemacao.com\/1\/wp-json\/wp\/v2\/categories?post=140849"},{"taxonomy":"post_tag","embeddable":true,"href":"https:\/\/www.caririemacao.com\/1\/wp-json\/wp\/v2\/tags?post=140849"}],"curies":[{"name":"wp","href":"https:\/\/api.w.org\/{rel}","templated":true}]}}