{"id":140852,"date":"2019-12-14T08:23:41","date_gmt":"2019-12-14T11:23:41","guid":{"rendered":"http:\/\/www.caririemacao.com\/1\/?p=140852"},"modified":"2019-12-14T08:23:41","modified_gmt":"2019-12-14T11:23:41","slug":"outros-paises-poderao-adotar-o-guia-alimentar-brasileiro","status":"publish","type":"post","link":"https:\/\/www.caririemacao.com\/1\/2019\/12\/14\/outros-paises-poderao-adotar-o-guia-alimentar-brasileiro\/","title":{"rendered":"Outros pa\u00edses poder\u00e3o adotar o Guia Alimentar Brasileiro"},"content":{"rendered":"\n<p>O Guia Alimentar para Crian\u00e7as Brasileiras Menores de 2 Anos, publica\u00e7\u00e3o feita pelo Minist\u00e9rio da Sa\u00fade com o intuito de combater a obesidade infantil, poder\u00e1 ser adaptado e usado por outros pa\u00edses que t\u00eam o portugu\u00eas como l\u00edngua oficial.<\/p>\n\n\n\n<p>A sugest\u00e3o foi apresentada hoje (13) pelo ministro da Sa\u00fade, Luiz Henrique Mandetta, durante a V Reuni\u00e3o de Ministros da Sa\u00fade \u2013 encontro que re\u00fane autoridades da Comunidade dos Pa\u00edses de L\u00edngua Portuguesa (CPLP), em Lisboa, Portugal.<\/p>\n\n\n\n<p>Lan\u00e7ado este ano, o guia apresenta recomenda\u00e7\u00f5es e informa\u00e7\u00f5es sobre alimenta\u00e7\u00e3o de crian\u00e7as nos dois primeiros anos de vida.<\/p>\n\n\n\n<p>Al\u00e9m de promover sa\u00fade, crescimento e desenvolvimento a esse p\u00fablico, o guia subsidia fam\u00edlia e profissionais de sa\u00fade em a\u00e7\u00f5es de educa\u00e7\u00e3o alimentar e nutricional. Ao mesmo tempo, \u00e9 um instrumento que ajuda na orienta\u00e7\u00e3o de pol\u00edticas p\u00fablicas que visam a apoiar, proteger e promover a sa\u00fade das crian\u00e7as.<\/p>\n\n\n\n<p>No encontro da Comunidade dos Pa\u00edses de L\u00edngua Portuguesa, Mandetta compartilhou a experi\u00eancia brasileira e ofereceu ajuda aos demais pa\u00edses integrantes do grupo, no sentido de elaborar e adaptar guias alimentares \u00e0s realidades locais de cada um deles.<\/p>\n\n\n\n<p>A ideia \u00e9 promover, j\u00e1 no primeiro trimestre de 2020, oficinas t\u00e9cnicas para apresentar a metodologia adotada pelo Brasil na elabora\u00e7\u00e3o do guia.<\/p>\n\n\n\n<p>Institu\u00edda em julho de 1996, a CPLP re\u00fane nove Estados membros: Angola, Brasil, Cabo Verde, Guin\u00e9-Bissau, Guin\u00e9-Equatorial, Mo\u00e7ambique, Portugal, S\u00e3o Tom\u00e9 e Pr\u00edncipe e Timor-Leste. Juntos, esses pa\u00edses t\u00eam 230 milh\u00f5es de habitantes distribu\u00eddos por quatro continentes.<br><\/p>\n","protected":false},"excerpt":{"rendered":"<p>O Guia Alimentar para Crian\u00e7as Brasileiras Menores de 2 Anos, publica\u00e7\u00e3o feita pelo Minist\u00e9rio da Sa\u00fade com o intuito de combater a obesidade infantil, poder\u00e1&hellip; <\/p>\n","protected":false},"author":1,"featured_media":53493,"comment_status":"closed","ping_status":"closed","sticky":false,"template":"","format":"standard","meta":{"sfsi_plus_gutenberg_text_before_share":"","sfsi_plus_gutenberg_show_text_before_share":"","sfsi_plus_gutenberg_icon_type":"","sfsi_plus_gutenberg_icon_alignemt":"","sfsi_plus_gutenburg_max_per_row":"","footnotes":""},"categories":[2],"tags":[],"class_list":["post-140852","post","type-post","status-publish","format-standard","has-post-thumbnail","hentry","category-geral"],"_links":{"self":[{"href":"https:\/\/www.caririemacao.com\/1\/wp-json\/wp\/v2\/posts\/140852","targetHints":{"allow":["GET"]}}],"collection":[{"href":"https:\/\/www.caririemacao.com\/1\/wp-json\/wp\/v2\/posts"}],"about":[{"href":"https:\/\/www.caririemacao.com\/1\/wp-json\/wp\/v2\/types\/post"}],"author":[{"embeddable":true,"href":"https:\/\/www.caririemacao.com\/1\/wp-json\/wp\/v2\/users\/1"}],"replies":[{"embeddable":true,"href":"https:\/\/www.caririemacao.com\/1\/wp-json\/wp\/v2\/comments?post=140852"}],"version-history":[{"count":1,"href":"https:\/\/www.caririemacao.com\/1\/wp-json\/wp\/v2\/posts\/140852\/revisions"}],"predecessor-version":[{"id":140853,"href":"https:\/\/www.caririemacao.com\/1\/wp-json\/wp\/v2\/posts\/140852\/revisions\/140853"}],"wp:featuredmedia":[{"embeddable":true,"href":"https:\/\/www.caririemacao.com\/1\/wp-json\/wp\/v2\/media\/53493"}],"wp:attachment":[{"href":"https:\/\/www.caririemacao.com\/1\/wp-json\/wp\/v2\/media?parent=140852"}],"wp:term":[{"taxonomy":"category","embeddable":true,"href":"https:\/\/www.caririemacao.com\/1\/wp-json\/wp\/v2\/categories?post=140852"},{"taxonomy":"post_tag","embeddable":true,"href":"https:\/\/www.caririemacao.com\/1\/wp-json\/wp\/v2\/tags?post=140852"}],"curies":[{"name":"wp","href":"https:\/\/api.w.org\/{rel}","templated":true}]}}