{"id":140861,"date":"2019-12-14T09:53:15","date_gmt":"2019-12-14T12:53:15","guid":{"rendered":"http:\/\/www.caririemacao.com\/1\/?p=140861"},"modified":"2019-12-14T09:53:15","modified_gmt":"2019-12-14T12:53:15","slug":"governo-federal-pretende-atrair-r-101-bilhoes-em-investimentos-no-proximo-ano","status":"publish","type":"post","link":"https:\/\/www.caririemacao.com\/1\/2019\/12\/14\/governo-federal-pretende-atrair-r-101-bilhoes-em-investimentos-no-proximo-ano\/","title":{"rendered":"Governo federal pretende atrair R$ 101 bilh\u00f5es em investimentos no pr\u00f3ximo ano"},"content":{"rendered":"\n<p>O ministro da Infraestrutura, Tarc\u00edsio de Freitas, anunciou, nesta sexta-feira (13), uma nova rodada de concess\u00f5es com 44 leil\u00f5es previstos que devem atrair mais R$ 101 bilh\u00f5es em investimentos a partir do pr\u00f3ximo ano em aeroportos, rodovias, ferrovias e portos.<\/p>\n\n\n\n<p>Caso se confirme, esse valor representar\u00e1 quase dez vezes mais do que foi realizado no primeiro ano do governo de Jair Bolsonaro e 43% do total da carteira (R$ 231 bilh\u00f5es) prevista at\u00e9 2022, quando vence o mandato presidencial.<\/p>\n\n\n\n<p>Somente a concess\u00e3o da rodovia Nova Dutra, que liga S\u00e3o Paulo ao Rio de Janeiro, deve exigir R$ 17 bilh\u00f5es em investimentos, segundo a secret\u00e1ria Nat\u00e1lia Marcassa.<\/p>\n\n\n\n<p>\u201cSer\u00e1 o grande projeto do pr\u00f3ximo ano ao lado dos 22 aeroportos\u201d, disse o ministro Tarc\u00edsio.<\/p>\n\n\n\n<p>Segundo ele, sete rodovias dever\u00e3o ser concedidas no final do pr\u00f3ximo ano, atraindo R$ 42,6 bilh\u00f5es em investimentos. S\u00e3o elas: BR-101\/SC, BRs 381 e 262\/ MG-ES, BRs 163 e 230\/ MT-PA, BRs 153, 080 e 414\/ GO-TO, BRs 116, 101, 465\/ SP-RJ, Brs 116 e 493\/ RJ, BRs 040 e 495\/ RJ-MG.<\/p>\n\n\n\n<p>Em dezembro de 2020, tamb\u00e9m est\u00e1 previsto o leil\u00e3o de 22 aeroportos em tr\u00eas blocos, com investimentos previstos de R$ 5 bilh\u00f5es.<\/p>\n\n\n\n<p>No ano seguinte, todos os demais aeroportos hoje administrados pela estatal Infraero, ser\u00e3o concedidos. Segundo o ministro, a estatal continuar\u00e1 existindo e ser\u00e1 reestruturada.<\/p>\n\n\n\n<p>\u201cEstudamos at\u00e9 fus\u00e3o da Infraero com outras empresas\u201d, disse.<br>Na \u00e1rea portu\u00e1ria, ser\u00e3o nove terminais no Cear\u00e1, Paran\u00e1, Maranh\u00e3o, Bahia, e S\u00e3o Paulo com quase R$ 1 bilh\u00e3o em investimentos.<\/p>\n\n\n\n<p>O ramo ferrovi\u00e1rio dever\u00e1 gerar R$ 52,8 bilh\u00f5es em investimentos com duas novas ferrovias, a FIOL (Integra\u00e7\u00e3o Oeste-Leste) e a Ferrogr\u00e3o, e quatro renova\u00e7\u00f5es antecipadas.<\/p>\n","protected":false},"excerpt":{"rendered":"<p>O ministro da Infraestrutura, Tarc\u00edsio de Freitas, anunciou, nesta sexta-feira (13), uma nova rodada de concess\u00f5es com 44 leil\u00f5es previstos que devem atrair mais R$&hellip; <\/p>\n","protected":false},"author":1,"featured_media":80361,"comment_status":"closed","ping_status":"closed","sticky":false,"template":"","format":"standard","meta":{"sfsi_plus_gutenberg_text_before_share":"","sfsi_plus_gutenberg_show_text_before_share":"","sfsi_plus_gutenberg_icon_type":"","sfsi_plus_gutenberg_icon_alignemt":"","sfsi_plus_gutenburg_max_per_row":"","footnotes":""},"categories":[11],"tags":[],"class_list":["post-140861","post","type-post","status-publish","format-standard","has-post-thumbnail","hentry","category-politica"],"_links":{"self":[{"href":"https:\/\/www.caririemacao.com\/1\/wp-json\/wp\/v2\/posts\/140861","targetHints":{"allow":["GET"]}}],"collection":[{"href":"https:\/\/www.caririemacao.com\/1\/wp-json\/wp\/v2\/posts"}],"about":[{"href":"https:\/\/www.caririemacao.com\/1\/wp-json\/wp\/v2\/types\/post"}],"author":[{"embeddable":true,"href":"https:\/\/www.caririemacao.com\/1\/wp-json\/wp\/v2\/users\/1"}],"replies":[{"embeddable":true,"href":"https:\/\/www.caririemacao.com\/1\/wp-json\/wp\/v2\/comments?post=140861"}],"version-history":[{"count":1,"href":"https:\/\/www.caririemacao.com\/1\/wp-json\/wp\/v2\/posts\/140861\/revisions"}],"predecessor-version":[{"id":140862,"href":"https:\/\/www.caririemacao.com\/1\/wp-json\/wp\/v2\/posts\/140861\/revisions\/140862"}],"wp:featuredmedia":[{"embeddable":true,"href":"https:\/\/www.caririemacao.com\/1\/wp-json\/wp\/v2\/media\/80361"}],"wp:attachment":[{"href":"https:\/\/www.caririemacao.com\/1\/wp-json\/wp\/v2\/media?parent=140861"}],"wp:term":[{"taxonomy":"category","embeddable":true,"href":"https:\/\/www.caririemacao.com\/1\/wp-json\/wp\/v2\/categories?post=140861"},{"taxonomy":"post_tag","embeddable":true,"href":"https:\/\/www.caririemacao.com\/1\/wp-json\/wp\/v2\/tags?post=140861"}],"curies":[{"name":"wp","href":"https:\/\/api.w.org\/{rel}","templated":true}]}}