{"id":140865,"date":"2019-12-14T12:25:43","date_gmt":"2019-12-14T15:25:43","guid":{"rendered":"http:\/\/www.caririemacao.com\/1\/?p=140865"},"modified":"2019-12-14T12:25:43","modified_gmt":"2019-12-14T15:25:43","slug":"congresso-pode-votar-orcamento-na-proxima-semana","status":"publish","type":"post","link":"https:\/\/www.caririemacao.com\/1\/2019\/12\/14\/congresso-pode-votar-orcamento-na-proxima-semana\/","title":{"rendered":"Congresso pode votar Or\u00e7amento na pr\u00f3xima semana"},"content":{"rendered":"\n<p>O Congresso Nacional pode votar na pr\u00f3xima semana a proposta or\u00e7ament\u00e1ria para 2020 (PLN 22\/2019). A sess\u00e3o est\u00e1 marcada para ter\u00e7a-feira (17), \u00e0s 14h30. Antes, \u00e0s 11h, a Comiss\u00e3o Mista de Or\u00e7amento (CMO) votar\u00e1 o texto.<\/p>\n\n\n\n<p>A an\u00e1lise dos relat\u00f3rios setoriais sobre a proposta or\u00e7ament\u00e1ria foi conclu\u00edda na \u00faltima quarta-feira (11). Agora, os textos aprovados ser\u00e3o analisados pelo relator-geral do Or\u00e7amento, deputado Domingos Neto (PSD-CE).<\/p>\n\n\n\n<p>No parecer preliminar apresentado pelo relator, j\u00e1 est\u00e3o as mudan\u00e7as, corre\u00e7\u00f5es, atualiza\u00e7\u00f5es de par\u00e2metros que serviram para as proje\u00e7\u00f5es de receitas e despesas, incluindo ainda os efeitos de propostas encaminhadas ou aprovadas ap\u00f3s o envio do texto original para o Or\u00e7amento de 2020.<\/p>\n\n\n\n<p>A vers\u00e3o do Poder Executivo indica que em janeiro pr\u00f3ximo o sal\u00e1rio m\u00ednimo passar\u00e1 dos atuais R$ 998 para cerca de R$ 1.031, abaixo do valor inicialmente previsto (R$ 1.039). Segundo c\u00e1lculos da equipe econ\u00f4mica, para 2020 cada R$ 1 a mais no sal\u00e1rio m\u00ednimo eleva as despesas da Uni\u00e3o em cerca de R$ 320 milh\u00f5es.<\/p>\n\n\n\n<p>Em 2020, a meta fiscal para o resultado prim\u00e1rio do governo central \u2014 Tesouro Nacional, Previd\u00eancia Social e Banco Central \u2014 corresponder\u00e1 a um deficit de R$ 124,1 bilh\u00f5es. Desde 2014, as contas p\u00fablicas est\u00e3o no vermelho: descontado o pagamento dos juros da d\u00edvida, as despesas v\u00eam superando as receitas ano a ano.<\/p>\n\n\n\n<p><strong>Cr\u00e9ditos<\/strong><br>Na mesma sess\u00e3o, o Congresso pode votar projeto que libera o cr\u00e9dito suplementar no valor de R$ 561,6 milh\u00f5es para v\u00e1rios \u00f3rg\u00e3os do Executivo (PLN 33\/2019). De acordo com o texto, o Minist\u00e9rio da Educa\u00e7\u00e3o vai receber cerca de R$ 255 milh\u00f5es. A \u00e1rea de infraestrutura da Educa\u00e7\u00e3o B\u00e1sica ser\u00e1 beneficiada com a maior parte desse valor: R$ 245 milh\u00f5es.<\/p>\n\n\n\n<p>R$ 900 mil v\u00e3o para a manuten\u00e7\u00e3o de universidades p\u00fablicas no estado de S\u00e3o Paulo. Para o Minist\u00e9rio da Justi\u00e7a e Seguran\u00e7a P\u00fablica, ser\u00e1 destinado o valor de R$ 85 milh\u00f5es. A Presid\u00eancia da Rep\u00fablica recebera R$ 5,3 milh\u00f5es, valor a ser direcionado para a seguran\u00e7a institucional do presidente e do vice-presidente da Rep\u00fablica e seus familiares, al\u00e9m de outras autoridades.<\/p>\n","protected":false},"excerpt":{"rendered":"<p>O Congresso Nacional pode votar na pr\u00f3xima semana a proposta or\u00e7ament\u00e1ria para 2020 (PLN 22\/2019). A sess\u00e3o est\u00e1 marcada para ter\u00e7a-feira (17), \u00e0s 14h30. Antes,&hellip; <\/p>\n","protected":false},"author":1,"featured_media":108947,"comment_status":"closed","ping_status":"closed","sticky":false,"template":"","format":"standard","meta":{"sfsi_plus_gutenberg_text_before_share":"","sfsi_plus_gutenberg_show_text_before_share":"","sfsi_plus_gutenberg_icon_type":"","sfsi_plus_gutenberg_icon_alignemt":"","sfsi_plus_gutenburg_max_per_row":"","footnotes":""},"categories":[11],"tags":[],"class_list":["post-140865","post","type-post","status-publish","format-standard","has-post-thumbnail","hentry","category-politica"],"_links":{"self":[{"href":"https:\/\/www.caririemacao.com\/1\/wp-json\/wp\/v2\/posts\/140865","targetHints":{"allow":["GET"]}}],"collection":[{"href":"https:\/\/www.caririemacao.com\/1\/wp-json\/wp\/v2\/posts"}],"about":[{"href":"https:\/\/www.caririemacao.com\/1\/wp-json\/wp\/v2\/types\/post"}],"author":[{"embeddable":true,"href":"https:\/\/www.caririemacao.com\/1\/wp-json\/wp\/v2\/users\/1"}],"replies":[{"embeddable":true,"href":"https:\/\/www.caririemacao.com\/1\/wp-json\/wp\/v2\/comments?post=140865"}],"version-history":[{"count":1,"href":"https:\/\/www.caririemacao.com\/1\/wp-json\/wp\/v2\/posts\/140865\/revisions"}],"predecessor-version":[{"id":140866,"href":"https:\/\/www.caririemacao.com\/1\/wp-json\/wp\/v2\/posts\/140865\/revisions\/140866"}],"wp:featuredmedia":[{"embeddable":true,"href":"https:\/\/www.caririemacao.com\/1\/wp-json\/wp\/v2\/media\/108947"}],"wp:attachment":[{"href":"https:\/\/www.caririemacao.com\/1\/wp-json\/wp\/v2\/media?parent=140865"}],"wp:term":[{"taxonomy":"category","embeddable":true,"href":"https:\/\/www.caririemacao.com\/1\/wp-json\/wp\/v2\/categories?post=140865"},{"taxonomy":"post_tag","embeddable":true,"href":"https:\/\/www.caririemacao.com\/1\/wp-json\/wp\/v2\/tags?post=140865"}],"curies":[{"name":"wp","href":"https:\/\/api.w.org\/{rel}","templated":true}]}}